{"id":44570,"date":"2023-08-31T00:04:30","date_gmt":"2023-08-31T06:04:30","guid":{"rendered":"https:\/\/encuentroinformativo.com.mx\/?p=44570"},"modified":"2023-08-31T00:04:34","modified_gmt":"2023-08-31T06:04:34","slug":"implementa-ople-sistema-candidatas-y-candidatos-conoceles","status":"publish","type":"post","link":"https:\/\/encuentroinformativo.com.mx\/?p=44570","title":{"rendered":"Implementa OPLE Sistema &#8220;Candidatas y candidatos, CON\u00d3CELES\u201d"},"content":{"rendered":"\n<p>Xalapa, Ver.- El Organismo P\u00fablico Local Electoral del Estado de Veracruz (OPLE Veracruz) implementar\u00e1 el Sistema \u201cCandidatas y candidatos, CON\u00d3CELES\u201d para que la ciudadan\u00eda veracruzana emita su voto informado y razonado, en aras de maximizar la transparencia, para el Proceso Electoral Local Concurrente 2023-2024.<\/p>\n\n\n\n<p>En sesi\u00f3n extraordinaria, consejeras y consejeros del OPLE Veracruz tambi\u00e9n aprobaron la creaci\u00f3n e integraci\u00f3n de la Comisi\u00f3n Temporal del Sistema de \u201cCandidatas y candidatos, CON\u00d3CELES\u201d, este sistema tiene como objetivo facilitar a la ciudadan\u00eda el acceso a la informaci\u00f3n de las personas candidatas que participar\u00e1n a puestos de elecci\u00f3n popular en el pr\u00f3ximo Proceso Electoral Local.<\/p>\n\n\n\n<p>Dicha Comisi\u00f3n Temporal se integr\u00f3 por la Consejera Electoral, Mabel Aseret Hern\u00e1ndez Meneses, como Presidenta; los consejeros electorales, Roberto L\u00f3pez P\u00e9rez y Fernando Garc\u00eda Ramos, integrantes; en la Secretar\u00eda T\u00e9cnica se encuentran la Unidad de T\u00e9cnica de Transparencia (UTT), la Direcci\u00f3n Ejecutiva de Prerrogativas y Partidos Pol\u00edticos (DEPPP) y la Unidad T\u00e9cnica de Servicios Inform\u00e1ticos (UTSI), las dos \u00faltimas \u00e1reas ser\u00e1n las responsables de las actividades.<\/p>\n\n\n\n<p>La Presidenta de la Comisi\u00f3n, Mabel Aseret Hern\u00e1ndez Meneses expres\u00f3 que ser\u00e1n las tres \u00e1reas responsables de realizar los trabajos para arrancar este nuevo sistema en las fechas previstas en los lineamientos que emiti\u00f3 el Instituto Nacional Electoral (INE).<\/p>\n\n\n\n<p>\u201cEs de las primeras comisiones que vamos a tener instaladas de cara al Proceso, debido a los trabajos que hay que remitir al Instituto y es un honor para m\u00ed presidir dicha Comisi\u00f3n\u201d, coment\u00f3.<\/p>\n\n\n\n<p>En otro punto del orden del d\u00eda, por unanimidad se design\u00f3 a Erika Carolina Malpica Alc\u00e1ntara como titular de la Unidad T\u00e9cnica de Vinculaci\u00f3n con ODES y Organizaciones de la Sociedad Civil; y a Rafael Gonz\u00e1lez Ortiz, como titular de la Unidad T\u00e9cnica de Servicios Inform\u00e1ticos.<\/p>\n\n\n\n<p>En cuanto al punto sobre la aprobaci\u00f3n de los informes presentados por la Unidad de Fiscalizaci\u00f3n y la UTSI sobre el uso que se dar\u00e1 en lo posterior al Sistema de contabilidad en l\u00ednea (SICLI), la Consejera Presidenta del OPLE Veracruz, Marisol Alicia Delgadillo Morales recalc\u00f3 que el \u00d3rgano Interno de Control del Organismo, con base en estos informes, determinar\u00e1 si existen responsabilidades administrativas.<\/p>\n\n\n\n<p>En sesi\u00f3n ordinaria, en el apartado de Asuntos Generales se habl\u00f3 sobre la convocatoria del Consejo General Juvenil del OPLE Veracruz. Al respecto, la Presidenta de la Comisi\u00f3n Especial para la Promoci\u00f3n de la Cultura Democr\u00e1tica y Vinculaci\u00f3n con Organizaciones de la Sociedad Civil, Maty Lezama Mart\u00ednez agradeci\u00f3 a las y los j\u00f3venes veracruzanos el inter\u00e9s que mostraron al acudir al llamado del OPLE Veracruz.<\/p>\n\n\n\n<p>\u201cQue a partir de su instalaci\u00f3n sus voces sean escuchadas, y nosotras y nosotros, como Organismo garante de los derechos pol\u00edtico electorales, esperamos trabajar de la mano con ese Consejo General Juvenil para impulsar esas ideas, esas acciones\u201d, puntualiz\u00f3.<\/p>\n","protected":false},"excerpt":{"rendered":"<p>Xalapa, Ver.- El Organismo P\u00fablico Local Electoral del Estado de Veracruz (OPLE Veracruz) implementar\u00e1 el Sistema \u201cCandidatas y candidatos, CON\u00d3CELES\u201d para que la ciudadan\u00eda veracruzana emita su voto informado y razonado, en aras de maximizar la transparencia, para el Proceso Electoral Local Concurrente 2023-2024. En sesi\u00f3n extraordinaria, consejeras y consejeros del OPLE Veracruz tambi\u00e9n aprobaron [&hellip;]<\/p>\n","protected":false},"author":2476,"featured_media":44571,"comment_status":"open","ping_status":"open","sticky":false,"template":"","format":"standard","meta":{"_jetpack_memberships_contains_paid_content":false,"footnotes":""},"categories":[2],"tags":[],"class_list":["post-44570","post","type-post","status-publish","format-standard","has-post-thumbnail","hentry","category-estado"],"jetpack_featured_media_url":"https:\/\/encuentroinformativo.com.mx\/wp-content\/uploads\/2023\/08\/BOLETIN-055-12.jpeg","jetpack_sharing_enabled":true,"jetpack_likes_enabled":true,"amp_enabled":true,"_links":{"self":[{"href":"https:\/\/encuentroinformativo.com.mx\/index.php?rest_route=\/wp\/v2\/posts\/44570","targetHints":{"allow":["GET"]}}],"collection":[{"href":"https:\/\/encuentroinformativo.com.mx\/index.php?rest_route=\/wp\/v2\/posts"}],"about":[{"href":"https:\/\/encuentroinformativo.com.mx\/index.php?rest_route=\/wp\/v2\/types\/post"}],"author":[{"embeddable":true,"href":"https:\/\/encuentroinformativo.com.mx\/index.php?rest_route=\/wp\/v2\/users\/2476"}],"replies":[{"embeddable":true,"href":"https:\/\/encuentroinformativo.com.mx\/index.php?rest_route=%2Fwp%2Fv2%2Fcomments&post=44570"}],"version-history":[{"count":1,"href":"https:\/\/encuentroinformativo.com.mx\/index.php?rest_route=\/wp\/v2\/posts\/44570\/revisions"}],"predecessor-version":[{"id":44572,"href":"https:\/\/encuentroinformativo.com.mx\/index.php?rest_route=\/wp\/v2\/posts\/44570\/revisions\/44572"}],"wp:featuredmedia":[{"embeddable":true,"href":"https:\/\/encuentroinformativo.com.mx\/index.php?rest_route=\/wp\/v2\/media\/44571"}],"wp:attachment":[{"href":"https:\/\/encuentroinformativo.com.mx\/index.php?rest_route=%2Fwp%2Fv2%2Fmedia&parent=44570"}],"wp:term":[{"taxonomy":"category","embeddable":true,"href":"https:\/\/encuentroinformativo.com.mx\/index.php?rest_route=%2Fwp%2Fv2%2Fcategories&post=44570"},{"taxonomy":"post_tag","embeddable":true,"href":"https:\/\/encuentroinformativo.com.mx\/index.php?rest_route=%2Fwp%2Fv2%2Ftags&post=44570"}],"curies":[{"name":"wp","href":"https:\/\/api.w.org\/{rel}","templated":true}]}}