{"id":44577,"date":"2023-08-30T11:36:00","date_gmt":"2023-08-30T17:36:00","guid":{"rendered":"https:\/\/encuentroinformativo.com.mx\/?p=44577"},"modified":"2023-08-31T09:38:52","modified_gmt":"2023-08-31T15:38:52","slug":"anuncian-festival-de-musica-antigua","status":"publish","type":"post","link":"https:\/\/encuentroinformativo.com.mx\/?p=44577","title":{"rendered":"Anuncian Festival de M\u00fasica Antigua"},"content":{"rendered":"\n<p><strong>Dar\u00edo Pale <\/strong><\/p>\n\n\n\n<p>Xalapa, Ver.- Anuncian la novena edici\u00f3n del Festival de M\u00fasica Antigua &#8220;La Festa Antigua&#8221; en Xalapa, la directora del Festival de Musica Antigua, Chantal Pantoja, destac\u00f3 que est\u00e1 edici\u00f3n viene con muchas sorpresas, con actividades para todo p\u00fablico.<\/p>\n\n\n\n<p>En conferencia de prensa se\u00f1al\u00f3 que dicho festival se realizar\u00e1 de 4 al 10 de septiembre con \u00a0un concierto al d\u00eda a las 7 de la noche, adem\u00e1s de actividades en Naolinco.<\/p>\n\n\n\n<p>El domingo tres de septiembre realizar\u00e1n una transmisi\u00f3n mediante sus redes sociales para presentar grupos de Venezuela, Tampico, M\u00e9xico y m\u00e1s.<\/p>\n\n\n\n<p>En el tema presencial habr\u00e1 actividades con grupos xalape\u00f1os de musica barroca, medieval y renacentista.<\/p>\n\n\n\n<p>Recalc\u00f3 que este festival es gratuito y sin fines de lucro con la finalidad de crear un movimiento de musica antigua y espacios para realizar ese tipo de eventos.<\/p>\n\n\n\n<p>Por \u00faltimo coment\u00f3 que el d\u00eda cuatro de septiembre inauguran en el teatro J.J. Herrera con Leyendas de la Europa Medieval, el jueves estar\u00e1 el Ensamble Galante en el Museo Rafael Gu\u00edzar, asimismo habr\u00e1 conferencias en la academia de m\u00fasica ubicada en la avenida 20 de noviembre 271.<\/p>\n","protected":false},"excerpt":{"rendered":"<p>Dar\u00edo Pale Xalapa, Ver.- Anuncian la novena edici\u00f3n del Festival de M\u00fasica Antigua &#8220;La Festa Antigua&#8221; en Xalapa, la directora del Festival de Musica Antigua, Chantal Pantoja, destac\u00f3 que est\u00e1 edici\u00f3n viene con muchas sorpresas, con actividades para todo p\u00fablico. En conferencia de prensa se\u00f1al\u00f3 que dicho festival se realizar\u00e1 de 4 al 10 de [&hellip;]<\/p>\n","protected":false},"author":2476,"featured_media":44578,"comment_status":"open","ping_status":"open","sticky":false,"template":"","format":"standard","meta":{"_jetpack_memberships_contains_paid_content":false,"footnotes":""},"categories":[3],"tags":[],"class_list":["post-44577","post","type-post","status-publish","format-standard","has-post-thumbnail","hentry","category-xalapa"],"jetpack_featured_media_url":"https:\/\/encuentroinformativo.com.mx\/wp-content\/uploads\/2023\/08\/IMG-20230830-WA0103.jpg","jetpack_sharing_enabled":true,"jetpack_likes_enabled":true,"amp_enabled":true,"_links":{"self":[{"href":"https:\/\/encuentroinformativo.com.mx\/index.php?rest_route=\/wp\/v2\/posts\/44577","targetHints":{"allow":["GET"]}}],"collection":[{"href":"https:\/\/encuentroinformativo.com.mx\/index.php?rest_route=\/wp\/v2\/posts"}],"about":[{"href":"https:\/\/encuentroinformativo.com.mx\/index.php?rest_route=\/wp\/v2\/types\/post"}],"author":[{"embeddable":true,"href":"https:\/\/encuentroinformativo.com.mx\/index.php?rest_route=\/wp\/v2\/users\/2476"}],"replies":[{"embeddable":true,"href":"https:\/\/encuentroinformativo.com.mx\/index.php?rest_route=%2Fwp%2Fv2%2Fcomments&post=44577"}],"version-history":[{"count":1,"href":"https:\/\/encuentroinformativo.com.mx\/index.php?rest_route=\/wp\/v2\/posts\/44577\/revisions"}],"predecessor-version":[{"id":44579,"href":"https:\/\/encuentroinformativo.com.mx\/index.php?rest_route=\/wp\/v2\/posts\/44577\/revisions\/44579"}],"wp:featuredmedia":[{"embeddable":true,"href":"https:\/\/encuentroinformativo.com.mx\/index.php?rest_route=\/wp\/v2\/media\/44578"}],"wp:attachment":[{"href":"https:\/\/encuentroinformativo.com.mx\/index.php?rest_route=%2Fwp%2Fv2%2Fmedia&parent=44577"}],"wp:term":[{"taxonomy":"category","embeddable":true,"href":"https:\/\/encuentroinformativo.com.mx\/index.php?rest_route=%2Fwp%2Fv2%2Fcategories&post=44577"},{"taxonomy":"post_tag","embeddable":true,"href":"https:\/\/encuentroinformativo.com.mx\/index.php?rest_route=%2Fwp%2Fv2%2Ftags&post=44577"}],"curies":[{"name":"wp","href":"https:\/\/api.w.org\/{rel}","templated":true}]}}