{"id":44582,"date":"2023-08-31T10:37:04","date_gmt":"2023-08-31T16:37:04","guid":{"rendered":"https:\/\/encuentroinformativo.com.mx\/?p=44582"},"modified":"2023-08-31T10:37:07","modified_gmt":"2023-08-31T16:37:07","slug":"buscan-jovenes-talentos-para-el-aguila-de-veracruz","status":"publish","type":"post","link":"https:\/\/encuentroinformativo.com.mx\/?p=44582","title":{"rendered":"Buscan j\u00f3venes talentos para el \u00c1guila de Veracruz"},"content":{"rendered":"\n<p><strong>Dar\u00edo Pale <\/strong><\/p>\n\n\n\n<p>Xalapa, Ver.- Convoca el \u00c1guila de Veracruz a j\u00f3venes a sumarse al equipo el cual tambi\u00e9n es integrante de la Copa Veracruz invitan al Tryout Juvenil que se realizar\u00e1 este domingo 3 de septiembre en el parque deportivo Col\u00f3n de Xalapa para reclutar a j\u00f3venes de 17 a 25 a\u00f1os.<\/p>\n\n\n\n<p>En conferencia de prensa el Subsecretario de Planeaci\u00f3n de la Secretar\u00eda de Finanzas del Estado, y presidente de la Copa Veracruz, Vladimir Cruz Acosta destac\u00f3 que si bien el a\u00f1o pasado la Liga Invernal se realiz\u00f3 en Poza Rica, este a\u00f1o ser\u00e1 la capital del estado la sede de dicho evento.\u00a0<\/p>\n\n\n\n<p>&#8220;Vamos a tener beisbol a partir del 13 de octubre que empieza la Liga Invernal Mexicana. Estamos muy contentos porque hoy en d\u00eda el \u00c1guila de Veracruz decide que la cartera de j\u00f3venes beisbolistas regrese al equipo del \u00c1guila de Veracruz&#8221;.<\/p>\n\n\n\n<p>El gerente deportivo del equipo \u00c1guila de Veracruz, \u00c1lvaro Solis Ganadis, dio a conocer que dicho evento se realizar\u00e1 tambi\u00e9n en Coatzacoalcos, Catemaco, Tierra Blanca, Veracruz y Coatzintla.<\/p>\n\n\n\n<p>El objetivo es que los nuevos talentos en este deporte participen en la Liga Invernal Mexicana de B\u00e9isbol.<\/p>\n\n\n\n<p>Coment\u00f3 que se tomar\u00e1 en cuenta el peso, estatura y posici\u00f3n de juego y datos personales de contacto.\u00a0<\/p>\n\n\n\n<p>Por \u00faltimo dijo que, &#8220;estamos muy motivados en lograr este objetivo de la mano del gobierno para que se vea que no solamente nos vamos a concentrar en el equipo grande, si no en volver un semillero una vez m\u00e1s al estado de Veracruz&#8221;.<\/p>\n","protected":false},"excerpt":{"rendered":"<p>Dar\u00edo Pale Xalapa, Ver.- Convoca el \u00c1guila de Veracruz a j\u00f3venes a sumarse al equipo el cual tambi\u00e9n es integrante de la Copa Veracruz invitan al Tryout Juvenil que se realizar\u00e1 este domingo 3 de septiembre en el parque deportivo Col\u00f3n de Xalapa para reclutar a j\u00f3venes de 17 a 25 a\u00f1os. En conferencia de [&hellip;]<\/p>\n","protected":false},"author":2476,"featured_media":44583,"comment_status":"open","ping_status":"open","sticky":false,"template":"","format":"standard","meta":{"_jetpack_memberships_contains_paid_content":false,"footnotes":""},"categories":[2],"tags":[],"class_list":["post-44582","post","type-post","status-publish","format-standard","has-post-thumbnail","hentry","category-estado"],"jetpack_featured_media_url":"https:\/\/encuentroinformativo.com.mx\/wp-content\/uploads\/2023\/08\/IMG-20230831-WA0010.jpg","jetpack_sharing_enabled":true,"jetpack_likes_enabled":true,"amp_enabled":true,"_links":{"self":[{"href":"https:\/\/encuentroinformativo.com.mx\/index.php?rest_route=\/wp\/v2\/posts\/44582","targetHints":{"allow":["GET"]}}],"collection":[{"href":"https:\/\/encuentroinformativo.com.mx\/index.php?rest_route=\/wp\/v2\/posts"}],"about":[{"href":"https:\/\/encuentroinformativo.com.mx\/index.php?rest_route=\/wp\/v2\/types\/post"}],"author":[{"embeddable":true,"href":"https:\/\/encuentroinformativo.com.mx\/index.php?rest_route=\/wp\/v2\/users\/2476"}],"replies":[{"embeddable":true,"href":"https:\/\/encuentroinformativo.com.mx\/index.php?rest_route=%2Fwp%2Fv2%2Fcomments&post=44582"}],"version-history":[{"count":1,"href":"https:\/\/encuentroinformativo.com.mx\/index.php?rest_route=\/wp\/v2\/posts\/44582\/revisions"}],"predecessor-version":[{"id":44584,"href":"https:\/\/encuentroinformativo.com.mx\/index.php?rest_route=\/wp\/v2\/posts\/44582\/revisions\/44584"}],"wp:featuredmedia":[{"embeddable":true,"href":"https:\/\/encuentroinformativo.com.mx\/index.php?rest_route=\/wp\/v2\/media\/44583"}],"wp:attachment":[{"href":"https:\/\/encuentroinformativo.com.mx\/index.php?rest_route=%2Fwp%2Fv2%2Fmedia&parent=44582"}],"wp:term":[{"taxonomy":"category","embeddable":true,"href":"https:\/\/encuentroinformativo.com.mx\/index.php?rest_route=%2Fwp%2Fv2%2Fcategories&post=44582"},{"taxonomy":"post_tag","embeddable":true,"href":"https:\/\/encuentroinformativo.com.mx\/index.php?rest_route=%2Fwp%2Fv2%2Ftags&post=44582"}],"curies":[{"name":"wp","href":"https:\/\/api.w.org\/{rel}","templated":true}]}}