{"id":44585,"date":"2023-08-31T11:52:57","date_gmt":"2023-08-31T17:52:57","guid":{"rendered":"https:\/\/encuentroinformativo.com.mx\/?p=44585"},"modified":"2023-08-31T11:53:01","modified_gmt":"2023-08-31T17:53:01","slug":"quejas-se-remiten-a-oficinas-centrales-del-ine","status":"publish","type":"post","link":"https:\/\/encuentroinformativo.com.mx\/?p=44585","title":{"rendered":"Quejas se remiten a oficinas centrales del INE"},"content":{"rendered":"\n<p><strong>Dar\u00edo Pale <\/strong><\/p>\n\n\n\n<p>Xalapa, Ver.- Josu\u00e9 Cervantes Mart\u00ednez Delegado del Instituto Nacional Electoral (INE), en el estado de Veracruz se\u00f1al\u00f3 que, todas las quejas que han recibido las tramitan a las oficinas centrales para que sean integradas a los expediente, adem\u00e1s de que deben cubrir dos suplencias de consejeros.<\/p>\n\n\n\n<p>En entrevista telef\u00f3nica se\u00f1al\u00f3 que hay una serie de quejas que recibieron a nivel central, por parte del INE y a partir de \u00e9stas se han ordenado las pr\u00e1cticas de algunas diligencias sobre todo de oficial\u00eda electoral esa figura se cre\u00f3 en el 2014 con una Reforma que faculta a personal del Instituto como si fuera una notar\u00eda.<\/p>\n\n\n\n<p>Los partidos pol\u00edticos u organizaciones deben de presentar una agenda al INE para que este pueda hacer las verificaciones de los eventos, donde personal de la oficial\u00eda electoral levanta un acta respectiva de lo que observa sin hacer juicios o interrogatorios.<\/p>\n\n\n\n<p>Coment\u00f3 que no puede dar m\u00e1s informaci\u00f3n ya que eso forma parte del expediente que van integrando, pero han estado actuando por las quejas y los lineamientos para los procesos internos que se est\u00e1n realizando.<\/p>\n\n\n\n<p>&#8220;La semana pasada recibimos una queja pero como tiene que ver precisamente con este tipo de actos, lo que hacemos es es remitirla a la unidad t\u00e9cnica de lo contencioso electoral que es el \u00e1rea que se encarga a nivel central de integrar el expediente para que pase a formar parte de lo que es el c\u00famulo de quejas del expediente que se est\u00e1 integrando&#8221;, se\u00f1al\u00f3.<\/p>\n\n\n\n<p>En otro orden de ideas dio a conocer que el pr\u00f3ximo d\u00eda 7 se lleva a cabo la sesi\u00f3n de instalaci\u00f3n del consejo general para declarar formalmente iniciado el proceso, con ello se detonan todas las actividades de preparaci\u00f3n de la jornada y posteriormente se instalar\u00e1n los consejos locales, en Xalapa ser\u00e1 el primero de noviembre y los 19 consejos \u00a0distritales se realizar\u00e1 el primero de diciembre.<\/p>\n\n\n\n<p>Finalmente dio a conocer que el d\u00eda 7 de septiembre tendr\u00e1 que designar las y los consejeros faltantes, en el caso del consejo local de Veracruz tiene cubiertas las 6 plazas de consejeras y consejeros propietarios pero solo tienen cubiertas 4 suplencias por lo que el consejo general tendr\u00e1 que designar dos suplentes mujeres para Veracruz.<\/p>\n","protected":false},"excerpt":{"rendered":"<p>Dar\u00edo Pale Xalapa, Ver.- Josu\u00e9 Cervantes Mart\u00ednez Delegado del Instituto Nacional Electoral (INE), en el estado de Veracruz se\u00f1al\u00f3 que, todas las quejas que han recibido las tramitan a las oficinas centrales para que sean integradas a los expediente, adem\u00e1s de que deben cubrir dos suplencias de consejeros. En entrevista telef\u00f3nica se\u00f1al\u00f3 que hay una [&hellip;]<\/p>\n","protected":false},"author":2476,"featured_media":44586,"comment_status":"open","ping_status":"open","sticky":false,"template":"","format":"standard","meta":{"_jetpack_memberships_contains_paid_content":false,"footnotes":""},"categories":[2],"tags":[],"class_list":["post-44585","post","type-post","status-publish","format-standard","has-post-thumbnail","hentry","category-estado"],"jetpack_featured_media_url":"https:\/\/encuentroinformativo.com.mx\/wp-content\/uploads\/2023\/08\/IMG-20230831-WA0021.jpg","jetpack_sharing_enabled":true,"jetpack_likes_enabled":true,"amp_enabled":true,"_links":{"self":[{"href":"https:\/\/encuentroinformativo.com.mx\/index.php?rest_route=\/wp\/v2\/posts\/44585","targetHints":{"allow":["GET"]}}],"collection":[{"href":"https:\/\/encuentroinformativo.com.mx\/index.php?rest_route=\/wp\/v2\/posts"}],"about":[{"href":"https:\/\/encuentroinformativo.com.mx\/index.php?rest_route=\/wp\/v2\/types\/post"}],"author":[{"embeddable":true,"href":"https:\/\/encuentroinformativo.com.mx\/index.php?rest_route=\/wp\/v2\/users\/2476"}],"replies":[{"embeddable":true,"href":"https:\/\/encuentroinformativo.com.mx\/index.php?rest_route=%2Fwp%2Fv2%2Fcomments&post=44585"}],"version-history":[{"count":1,"href":"https:\/\/encuentroinformativo.com.mx\/index.php?rest_route=\/wp\/v2\/posts\/44585\/revisions"}],"predecessor-version":[{"id":44587,"href":"https:\/\/encuentroinformativo.com.mx\/index.php?rest_route=\/wp\/v2\/posts\/44585\/revisions\/44587"}],"wp:featuredmedia":[{"embeddable":true,"href":"https:\/\/encuentroinformativo.com.mx\/index.php?rest_route=\/wp\/v2\/media\/44586"}],"wp:attachment":[{"href":"https:\/\/encuentroinformativo.com.mx\/index.php?rest_route=%2Fwp%2Fv2%2Fmedia&parent=44585"}],"wp:term":[{"taxonomy":"category","embeddable":true,"href":"https:\/\/encuentroinformativo.com.mx\/index.php?rest_route=%2Fwp%2Fv2%2Fcategories&post=44585"},{"taxonomy":"post_tag","embeddable":true,"href":"https:\/\/encuentroinformativo.com.mx\/index.php?rest_route=%2Fwp%2Fv2%2Ftags&post=44585"}],"curies":[{"name":"wp","href":"https:\/\/api.w.org\/{rel}","templated":true}]}}