{"id":44588,"date":"2023-08-31T13:00:18","date_gmt":"2023-08-31T19:00:18","guid":{"rendered":"https:\/\/encuentroinformativo.com.mx\/?p=44588"},"modified":"2023-08-31T13:00:22","modified_gmt":"2023-08-31T19:00:22","slug":"confirma-gobernador-detencion-de-alcalde-nautla","status":"publish","type":"post","link":"https:\/\/encuentroinformativo.com.mx\/?p=44588","title":{"rendered":"Confirma Gobernador detenci\u00f3n de alcalde Nautla"},"content":{"rendered":"\n<p><strong>Dar\u00edo Pale <\/strong><\/p>\n\n\n\n<p>Xalapa, Ver.- Miguel N sigue siendo alcalde, se le detuvo con presuntos delincuentes, quedaron a disposici\u00f3n de Fiscalia General de la Rep\u00fablica (FGR) por la portaci\u00f3n de armas de uso exclusivo del Ej\u00e9rcito, as\u00ed lo dio a conocer el gobernador del estado Cuitl\u00e1huac Garc\u00eda Jim\u00e9nez.<\/p>\n\n\n\n<p>En conferencia de prensa dio a conocer que el alcalde del municipio de Nautla, Miguel N, junto con las otras personas que fueron detenidas, se pondr\u00e1n a disposici\u00f3n de la Fiscal\u00eda General de la Rep\u00fablica (FGR), adem\u00e1s, revel\u00f3 que las personas con las que se encontraba el Alcalde pertenecen a un grupo de la delincuencia organizada.<\/p>\n\n\n\n<p>&#8220;Lo que s\u00ed puedo decir es que las otras personas con las que se le detuvo, presuntamente pertenecen a un grupo delictivo&#8221;, se\u00f1al\u00f3.<\/p>\n\n\n\n<p>Confirm\u00f3 que el d\u00eda de ayer mi\u00e9rcoles, se llevaba a cabo un operativo de la Polic\u00eda Naval cuando sospecharon de personas presuntamente armadas.<\/p>\n\n\n\n<p>De manera que al hacerles una revisi\u00f3n se confirm\u00f3 que portaban armas de fuego de uso exclusivo del Ej\u00e9rcito Mexicano.<\/p>\n\n\n\n<p>&#8220;En esos casos que son delitos del fuero federal y en flagrancia, no tienen fuero y \u00e9l tendr\u00e1 que aclarar, desde luego esas cuestiones quedan en FGR y deber\u00e1n transcurrir 48 horas en lo que ellos tienen oportunidad a presentar ante un juez su situaci\u00f3n formal&#8221;, coment\u00f3.<\/p>\n\n\n\n<p>El Ejecutivo subray\u00f3 que jur\u00eddicamente Miguel N sigue siendo el alcalde de Nautla, y descart\u00f3 que en la Mesa de Construcci\u00f3n para la Paz se le hubiera considerado como alg\u00fan objetivo por alguna actividad il\u00edcita.<\/p>\n\n\n\n<p>&#8220;No, que yo supiera no. Nosotros no podemos actuar bajo sospechas sino en la formalidad y si existiera alguna investigaci\u00f3n formal en \u00e9l, no me la van a compartir&#8221;, subray\u00f3.<\/p>\n\n\n\n<p>Garc\u00eda Jim\u00e9nez a\u00f1adi\u00f3 que lo que se vio fue la presunta comisi\u00f3n de un delito en flagrancia, por lo que tendr\u00e1 oportunidad de defenderse.<\/p>\n\n\n\n<p>Por \u00faltimo subray\u00f3 que ahora un juez federal deber\u00e1 analizar la detenci\u00f3n y, en todo caso continuar con la vinculaci\u00f3n a proceso.<\/p>\n","protected":false},"excerpt":{"rendered":"<p>Dar\u00edo Pale Xalapa, Ver.- Miguel N sigue siendo alcalde, se le detuvo con presuntos delincuentes, quedaron a disposici\u00f3n de Fiscalia General de la Rep\u00fablica (FGR) por la portaci\u00f3n de armas de uso exclusivo del Ej\u00e9rcito, as\u00ed lo dio a conocer el gobernador del estado Cuitl\u00e1huac Garc\u00eda Jim\u00e9nez. En conferencia de prensa dio a conocer que [&hellip;]<\/p>\n","protected":false},"author":2476,"featured_media":43817,"comment_status":"open","ping_status":"open","sticky":false,"template":"","format":"standard","meta":{"_jetpack_memberships_contains_paid_content":false,"footnotes":""},"categories":[2],"tags":[],"class_list":["post-44588","post","type-post","status-publish","format-standard","has-post-thumbnail","hentry","category-estado"],"jetpack_featured_media_url":"https:\/\/encuentroinformativo.com.mx\/wp-content\/uploads\/2023\/08\/IMG-20230814-WA01092.jpg","jetpack_sharing_enabled":true,"jetpack_likes_enabled":true,"amp_enabled":true,"_links":{"self":[{"href":"https:\/\/encuentroinformativo.com.mx\/index.php?rest_route=\/wp\/v2\/posts\/44588","targetHints":{"allow":["GET"]}}],"collection":[{"href":"https:\/\/encuentroinformativo.com.mx\/index.php?rest_route=\/wp\/v2\/posts"}],"about":[{"href":"https:\/\/encuentroinformativo.com.mx\/index.php?rest_route=\/wp\/v2\/types\/post"}],"author":[{"embeddable":true,"href":"https:\/\/encuentroinformativo.com.mx\/index.php?rest_route=\/wp\/v2\/users\/2476"}],"replies":[{"embeddable":true,"href":"https:\/\/encuentroinformativo.com.mx\/index.php?rest_route=%2Fwp%2Fv2%2Fcomments&post=44588"}],"version-history":[{"count":1,"href":"https:\/\/encuentroinformativo.com.mx\/index.php?rest_route=\/wp\/v2\/posts\/44588\/revisions"}],"predecessor-version":[{"id":44589,"href":"https:\/\/encuentroinformativo.com.mx\/index.php?rest_route=\/wp\/v2\/posts\/44588\/revisions\/44589"}],"wp:featuredmedia":[{"embeddable":true,"href":"https:\/\/encuentroinformativo.com.mx\/index.php?rest_route=\/wp\/v2\/media\/43817"}],"wp:attachment":[{"href":"https:\/\/encuentroinformativo.com.mx\/index.php?rest_route=%2Fwp%2Fv2%2Fmedia&parent=44588"}],"wp:term":[{"taxonomy":"category","embeddable":true,"href":"https:\/\/encuentroinformativo.com.mx\/index.php?rest_route=%2Fwp%2Fv2%2Fcategories&post=44588"},{"taxonomy":"post_tag","embeddable":true,"href":"https:\/\/encuentroinformativo.com.mx\/index.php?rest_route=%2Fwp%2Fv2%2Ftags&post=44588"}],"curies":[{"name":"wp","href":"https:\/\/api.w.org\/{rel}","templated":true}]}}