{"id":44593,"date":"2023-08-31T13:30:00","date_gmt":"2023-08-31T19:30:00","guid":{"rendered":"https:\/\/encuentroinformativo.com.mx\/?p=44593"},"modified":"2023-08-31T13:30:05","modified_gmt":"2023-08-31T19:30:05","slug":"protestan-estudiantes-de-la-uvi-reclaman-becas","status":"publish","type":"post","link":"https:\/\/encuentroinformativo.com.mx\/?p=44593","title":{"rendered":"Protestan estudiantes de la UVI, reclaman becas"},"content":{"rendered":"\n<p><strong>Juan Arcos <\/strong><\/p>\n\n\n\n<p>Xalapa, Ver.- Estudiantes de la Universidad Veracruzana Intercultural (UVI) protestaron y marcharon en la ciudad de Xalapa para exigir que sean contemplados en las becas \u201cBenito Ju\u00e1rez\u201d que otorga el gobierno federal.<\/p>\n\n\n\n<p>Se trata de m\u00e1s de 70 alumnos de la licenciatura en Agroecolog\u00eda y Soberan\u00eda Alimentaria, quienes se concentraron en la sede la UVI, ubicada sobre la calle Sebasti\u00e1n Camacho, despu\u00e9s de las 12:00 horas de este jueves 31 de agosto, en la zona centro de la capital.<\/p>\n\n\n\n<p>Posteriormente, marcharon hacia la calle Juan de la Luz Enr\u00edquez, donde bloquearon la circulaci\u00f3n vehicular durante unos minutos y continuaron con su recorrido hacia la Rector\u00eda, donde entregar\u00edan su pliego petitorio.<\/p>\n\n\n\n<p>Los quejosos denunciaron de manera an\u00f3nima que los encargados de las becas mencionadas les argumentaron que la UVI no es una instituci\u00f3n \u201cprioritaria\u201d y por ello no son beneficiados con las becas.<\/p>\n\n\n\n<p>\u201cNos ponen muchas trabas, hace unos a\u00f1os nos dijeron que era porque seg\u00fan \u00e9ramos una modalidad mixta, luego nos pusieron la traba de que estamos en un \u00e1rea urbana y ahora nos salen con que ya no somos una universidad intercultural, no sabemos a qu\u00e9 se debe esta falta de apoyo\u201d.<\/p>\n\n\n\n<p>Tambi\u00e9n enfatizaron que la sede regional Xalapa de la UVI carece de instalaciones dignas y por ello algunos alumnos han tenido que tomar clases en un sal\u00f3n \u201cprestado\u201d que no est\u00e1 en condiciones favorables.<\/p>\n\n\n\n<p>Adem\u00e1s, los estudiantes de la segunda y tercera generaci\u00f3n reciben sus clases en un edificio acondicionado como oficinas de la UVI, por lo que carecen de laboratorios y bibliotecas.<\/p>\n\n\n\n<p>\u201cHemos platicado con el director, pero nos da unas respuestas y luego otras, nos est\u00e1n negando como carrera y como sede, pr\u00e1cticamente no tenemos sede. Eso estamos pidiendo que se nos reconozca\u201d.<\/p>\n","protected":false},"excerpt":{"rendered":"<p>Juan Arcos Xalapa, Ver.- Estudiantes de la Universidad Veracruzana Intercultural (UVI) protestaron y marcharon en la ciudad de Xalapa para exigir que sean contemplados en las becas \u201cBenito Ju\u00e1rez\u201d que otorga el gobierno federal. Se trata de m\u00e1s de 70 alumnos de la licenciatura en Agroecolog\u00eda y Soberan\u00eda Alimentaria, quienes se concentraron en la sede [&hellip;]<\/p>\n","protected":false},"author":2476,"featured_media":44595,"comment_status":"open","ping_status":"open","sticky":false,"template":"","format":"standard","meta":{"_jetpack_memberships_contains_paid_content":false,"footnotes":""},"categories":[3],"tags":[],"class_list":["post-44593","post","type-post","status-publish","format-standard","has-post-thumbnail","hentry","category-xalapa"],"jetpack_featured_media_url":"https:\/\/encuentroinformativo.com.mx\/wp-content\/uploads\/2023\/08\/IMG_3874.jpg","jetpack_sharing_enabled":true,"jetpack_likes_enabled":true,"amp_enabled":true,"_links":{"self":[{"href":"https:\/\/encuentroinformativo.com.mx\/index.php?rest_route=\/wp\/v2\/posts\/44593","targetHints":{"allow":["GET"]}}],"collection":[{"href":"https:\/\/encuentroinformativo.com.mx\/index.php?rest_route=\/wp\/v2\/posts"}],"about":[{"href":"https:\/\/encuentroinformativo.com.mx\/index.php?rest_route=\/wp\/v2\/types\/post"}],"author":[{"embeddable":true,"href":"https:\/\/encuentroinformativo.com.mx\/index.php?rest_route=\/wp\/v2\/users\/2476"}],"replies":[{"embeddable":true,"href":"https:\/\/encuentroinformativo.com.mx\/index.php?rest_route=%2Fwp%2Fv2%2Fcomments&post=44593"}],"version-history":[{"count":1,"href":"https:\/\/encuentroinformativo.com.mx\/index.php?rest_route=\/wp\/v2\/posts\/44593\/revisions"}],"predecessor-version":[{"id":44596,"href":"https:\/\/encuentroinformativo.com.mx\/index.php?rest_route=\/wp\/v2\/posts\/44593\/revisions\/44596"}],"wp:featuredmedia":[{"embeddable":true,"href":"https:\/\/encuentroinformativo.com.mx\/index.php?rest_route=\/wp\/v2\/media\/44595"}],"wp:attachment":[{"href":"https:\/\/encuentroinformativo.com.mx\/index.php?rest_route=%2Fwp%2Fv2%2Fmedia&parent=44593"}],"wp:term":[{"taxonomy":"category","embeddable":true,"href":"https:\/\/encuentroinformativo.com.mx\/index.php?rest_route=%2Fwp%2Fv2%2Fcategories&post=44593"},{"taxonomy":"post_tag","embeddable":true,"href":"https:\/\/encuentroinformativo.com.mx\/index.php?rest_route=%2Fwp%2Fv2%2Ftags&post=44593"}],"curies":[{"name":"wp","href":"https:\/\/api.w.org\/{rel}","templated":true}]}}