{"id":4460,"date":"2020-07-28T12:47:38","date_gmt":"2020-07-28T17:47:38","guid":{"rendered":"https:\/\/encuentroinformativo.com\/?p=4460"},"modified":"2020-07-28T12:47:41","modified_gmt":"2020-07-28T17:47:41","slug":"secretario-de-turis-bierno","status":"publish","type":"post","link":"https:\/\/encuentroinformativo.com.mx\/?p=4460","title":{"rendered":"Secretario de Turis-bierno"},"content":{"rendered":"\n<p><strong>Los Pol\u00edticos<\/strong><\/p>\n\n\n\n<p><strong>Salvador Mu\u00f1oz<\/strong><br><\/p>\n\n\n\n<p>Pudiera entender que por su situaci\u00f3n actual, se entretiene con temas de \u00edndole ajena a su investidura y por eso promociona nuestra riqueza gastron\u00f3mica, pero\u2026 la realidad es que va para dos a\u00f1os con esta actividad extra\u00f1a para un secretario de Gobierno.<\/p>\n\n\n\n<p>Al principio de su ejercicio, los comentarios en torno a la labor de Eric Cisneros Burgos como N\u00famero 2 del Gobierno estatal, eran m\u00e1s por la especie de amenazas, extorsi\u00f3n o presi\u00f3n (como gusten llamarle) contra ediles y por all\u00ed, contra algunos diputados donde uno le puso su nombre a la represi\u00f3n ejercida a \u00e9l y compa\u00f1eros de curul.<\/p>\n\n\n\n<p>Ni se diga el cap\u00edtulo de Chinameca, donde se puso en evidencia su falta de tacto pol\u00edtico cuando expuso al Gobernador Cuitl\u00e1huac Garc\u00eda a cualquier cosa\u2026 por un relleno sanitario\u2026<\/p>\n\n\n\n<p>Quiz\u00e1s por eso es que alguien, a lo mejor el mismo Gobernador, le haya recomendado que su radio de ejercicio se concentre mejor en la difusi\u00f3n de actividades culturales, gastron\u00f3micas y hasta tur\u00edsticas, ya sea como una especie de cu\u00f1a para la titular de Turismo, X\u00f3chitl Arbes\u00fa Lago, o bien, como una secretar\u00eda paralela a la de Sectur Veracruz.<\/p>\n\n\n\n<p>(Dicho sea de paso, uno se imagina que la secretaria de Turismo ha de trabajar en un mega proyecto que reactive la deprimente situaci\u00f3n que atraviesa este sector en cualesquiera de sus ramas, digo, porque nom\u00e1s no se ve por ning\u00fan lado)<\/p>\n\n\n\n<p>En pocas palabras, podr\u00edamos hablar de un vac\u00edo pol\u00edtico en Palacio de Enr\u00edquez en lo que respecta la Gobernabilidad de la entidad, lo que podr\u00eda generar a la vez, una carga para el mandatario\u2026<\/p>\n\n\n\n<p>Si se recordara de bote-pronto a los secretarios de Gobierno en Veracruz de este siglo, hay quienes consideran que Erick Lagos era malo pero no en el sentido de maleta, chamb\u00f3n, sino de perverso pol\u00edticamente hablando\u2026 hay quienes igual recuerdan a la se\u00f1ora Nohem\u00ed Quirasco Hern\u00e1ndez, a quien le endilgan la g\u00e9nesis de funcionario \u201cflorero\u201d&#8230; Hay quienes alaban el trabajo de Reynaldo Escobar por su mano dura y a la vez, tersa; aunque tambi\u00e9n reconocen otros el trabajo discreto de un Rogelio Franco que por lo mismo, algunos lo pudieran considerar como un \u201csecretario gris\u201d aunque su labor haya sido de pol\u00edtica \u201csubcut\u00e1nea\u201d. Hablando de grises, hay quienes ni se acuerdan de Gerardo Buganza. De Flavino R\u00edos, un conocedor de la pol\u00edtica pero con un dif\u00edcil gobernador y un secretario de SP casi aut\u00f3nomo\u2026 pero es posible que cualquiera de \u00e9stos citados, el que usted considere p\u00e9simo, malo, regular, mediocre, superar\u00eda en eficiencia al actual secretario de Gobierno\u2026 bueno, s\u00ed, uno, pero me reservo su nombre para no herir susceptibilidades y en una de \u00e9sas, me acusen de mis\u00f3gino o violencia de g\u00e9nero.<\/p>\n\n\n\n<p>Mientras, no s\u00e9 qu\u00e9 tan bueno sea que Veracruz o m\u00e1s bien el Gobernador, cuente con un secretario de Turis-bierno o Gobie-rismo\u2026 o mejor dicho, no cuente con un secretario de Gobierno a la altura de lo que en estos momentos, la entidad y el mismo Cuitl\u00e1huac requieren\u2026<br><\/p>\n\n\n\n<p><a href=\"mailto:smcainito@gmail.com\" target=\"_blank\" rel=\"noreferrer noopener\">smcainito@gmail.com<\/a><\/p>\n","protected":false},"excerpt":{"rendered":"<p>Los Pol\u00edticos Salvador Mu\u00f1oz Pudiera entender que por su situaci\u00f3n actual, se entretiene con temas de \u00edndole ajena a su investidura y por eso promociona nuestra riqueza gastron\u00f3mica, pero\u2026 la realidad es que va para dos a\u00f1os con esta actividad extra\u00f1a para un secretario de Gobierno. Al principio de su ejercicio, los comentarios en torno [&hellip;]<\/p>\n","protected":false},"author":1,"featured_media":387,"comment_status":"open","ping_status":"open","sticky":false,"template":"","format":"standard","meta":{"_jetpack_memberships_contains_paid_content":false,"footnotes":""},"categories":[11],"tags":[],"class_list":["post-4460","post","type-post","status-publish","format-standard","has-post-thumbnail","hentry","category-opinion"],"jetpack_featured_media_url":"https:\/\/encuentroinformativo.com.mx\/wp-content\/uploads\/2020\/03\/7CF8A22B-2764-47BE-8F7F-38FE9E5D6A2F.jpeg","jetpack_sharing_enabled":true,"jetpack_likes_enabled":true,"amp_enabled":true,"_links":{"self":[{"href":"https:\/\/encuentroinformativo.com.mx\/index.php?rest_route=\/wp\/v2\/posts\/4460","targetHints":{"allow":["GET"]}}],"collection":[{"href":"https:\/\/encuentroinformativo.com.mx\/index.php?rest_route=\/wp\/v2\/posts"}],"about":[{"href":"https:\/\/encuentroinformativo.com.mx\/index.php?rest_route=\/wp\/v2\/types\/post"}],"author":[{"embeddable":true,"href":"https:\/\/encuentroinformativo.com.mx\/index.php?rest_route=\/wp\/v2\/users\/1"}],"replies":[{"embeddable":true,"href":"https:\/\/encuentroinformativo.com.mx\/index.php?rest_route=%2Fwp%2Fv2%2Fcomments&post=4460"}],"version-history":[{"count":1,"href":"https:\/\/encuentroinformativo.com.mx\/index.php?rest_route=\/wp\/v2\/posts\/4460\/revisions"}],"predecessor-version":[{"id":4461,"href":"https:\/\/encuentroinformativo.com.mx\/index.php?rest_route=\/wp\/v2\/posts\/4460\/revisions\/4461"}],"wp:featuredmedia":[{"embeddable":true,"href":"https:\/\/encuentroinformativo.com.mx\/index.php?rest_route=\/wp\/v2\/media\/387"}],"wp:attachment":[{"href":"https:\/\/encuentroinformativo.com.mx\/index.php?rest_route=%2Fwp%2Fv2%2Fmedia&parent=4460"}],"wp:term":[{"taxonomy":"category","embeddable":true,"href":"https:\/\/encuentroinformativo.com.mx\/index.php?rest_route=%2Fwp%2Fv2%2Fcategories&post=4460"},{"taxonomy":"post_tag","embeddable":true,"href":"https:\/\/encuentroinformativo.com.mx\/index.php?rest_route=%2Fwp%2Fv2%2Ftags&post=4460"}],"curies":[{"name":"wp","href":"https:\/\/api.w.org\/{rel}","templated":true}]}}