{"id":44623,"date":"2023-08-31T21:19:10","date_gmt":"2023-09-01T03:19:10","guid":{"rendered":"https:\/\/encuentroinformativo.com.mx\/?p=44623"},"modified":"2023-08-31T21:19:15","modified_gmt":"2023-09-01T03:19:15","slug":"reconocera-ayuntamiento-a-alumnado-de-la-normal-veracruzana","status":"publish","type":"post","link":"https:\/\/encuentroinformativo.com.mx\/?p=44623","title":{"rendered":"Reconocer\u00e1 Ayuntamiento a alumnado de la Normal Veracruzana"},"content":{"rendered":"\n<p>Xalapa, Ver.- Con la finalidad de otorgar medallas a egresados con excelencia acad\u00e9mica de la Generaci\u00f3n 2019-2023 de la Benem\u00e9rita Escuela Normal Veracruzana \u201cEnrique Conrado R\u00e9bsamen\u201d, las y los integrantes del Cabildo aprobaron llevar a cabo Sesi\u00f3n Solemne el pr\u00f3ximo 21 de septiembre.<\/p>\n\n\n\n<p>En Sesi\u00f3n Ordinaria de Cabildo celebrada este jueves, adem\u00e1s se autoriz\u00f3 la designaci\u00f3n de Luc\u00eda Le\u00f3n Tadeo y Gabriela Mendoza P\u00e9rez como vocales del \u00d3rgano de Gobierno del Consejo Municipal para la Asistencia Social (Conmas).<\/p>\n\n\n\n<p>Por otra parte, las y los regidores avalaron otorgar 4 millones 500 mil pesos a la Comisi\u00f3n Municipal de Agua Potable y Saneamiento de Xalapa (CMAS); esto, derivado de la recuperaci\u00f3n del ISR Participable.<\/p>\n\n\n\n<p>A propuesta de la regidora Martha Valentina Dom\u00ednguez V\u00e1squez, se aprob\u00f3 la ampliaci\u00f3n a la Ley de Ingresos y Presupuesto de Egresos por 5 millones 786 mil 258 pesos, provenientes del Convenio Predial, correspondientes al periodo junio-julio de 2023.<\/p>\n\n\n\n<p>Asimismo, se aprobaron las actas de las sesiones de Cabildo Ordinaria del 15 de agosto y Solemne del d\u00eda 11 del mismo mes.<\/p>\n\n\n\n<p>En Asuntos Generales, se autoriz\u00f3 que el presidente municipal Ricardo Ahued Bardahuil y la s\u00edndica \u00fanica, Cecilia Coronel Brizio, en representaci\u00f3n del Ayuntamiento, suscriban contrato con un despacho con el fin de que \u00e9ste realice un estudio actuarial de las pensiones de los trabajadores municipales.<\/p>\n\n\n\n<p>Adem\u00e1s, se autorizaron los manuales espec\u00edficos de Organizaci\u00f3n, Procedimientos y Tr\u00e1mites de la Coordinaci\u00f3n de Transparencia y la Secretar\u00eda Ejecutiva del Sistema Municipal de Protecci\u00f3n Integral de Ni\u00f1as, Ni\u00f1os y Adolescentes (Sipinna).<\/p>\n\n\n\n<p class=\"has-text-align-center\"><strong>Se re\u00fane Alcalde Ahued con emprendedores <\/strong><\/p>\n\n\n\n<p>El alcalde Ricardo Ahued Bardahuil recibi\u00f3 en la Sala Ex Presidentes a docentes y j\u00f3venes emprendedores independientes y de las escuelas de Bachilleres Experimental y Art\u00edculo Tercero Constitucional, quienes le dieron a conocer diversas iniciativas para fomentar el desarrollo econ\u00f3mico local.<\/p>\n\n\n\n<p>Asistieron las regidoras y regidores An\u00edbal Pacheco L\u00f3pez, Helen Sarmiento Ja\u00e9n, Mar\u00eda Guadalupe M\u00e1rquez Leonardo, Carlos Rugerio Mart\u00ednez y el secretario del Ayuntamiento, Ram\u00f3n Antonio Ramos Niembro, as\u00ed como funcionariado de la Direcci\u00f3n de Desarrollo Econ\u00f3mico.<\/p>\n\n\n\n<figure class=\"wp-block-image size-large\"><img loading=\"lazy\" decoding=\"async\" width=\"1024\" height=\"683\" src=\"https:\/\/encuentroinformativo.com.mx\/wp-content\/uploads\/2023\/08\/IMG-20230831-WA01071-1024x683.jpg\" alt=\"\" class=\"wp-image-44625\" srcset=\"https:\/\/encuentroinformativo.com.mx\/wp-content\/uploads\/2023\/08\/IMG-20230831-WA01071-1024x683.jpg 1024w, https:\/\/encuentroinformativo.com.mx\/wp-content\/uploads\/2023\/08\/IMG-20230831-WA01071-300x200.jpg 300w, https:\/\/encuentroinformativo.com.mx\/wp-content\/uploads\/2023\/08\/IMG-20230831-WA01071-768x512.jpg 768w, https:\/\/encuentroinformativo.com.mx\/wp-content\/uploads\/2023\/08\/IMG-20230831-WA01071-1536x1024.jpg 1536w, https:\/\/encuentroinformativo.com.mx\/wp-content\/uploads\/2023\/08\/IMG-20230831-WA01071.jpg 1599w\" sizes=\"auto, (max-width: 1024px) 100vw, 1024px\" \/><\/figure>\n","protected":false},"excerpt":{"rendered":"<p>Xalapa, Ver.- Con la finalidad de otorgar medallas a egresados con excelencia acad\u00e9mica de la Generaci\u00f3n 2019-2023 de la Benem\u00e9rita Escuela Normal Veracruzana \u201cEnrique Conrado R\u00e9bsamen\u201d, las y los integrantes del Cabildo aprobaron llevar a cabo Sesi\u00f3n Solemne el pr\u00f3ximo 21 de septiembre. En Sesi\u00f3n Ordinaria de Cabildo celebrada este jueves, adem\u00e1s se autoriz\u00f3 la [&hellip;]<\/p>\n","protected":false},"author":2476,"featured_media":44624,"comment_status":"open","ping_status":"open","sticky":false,"template":"","format":"standard","meta":{"_jetpack_memberships_contains_paid_content":false,"footnotes":""},"categories":[3],"tags":[],"class_list":["post-44623","post","type-post","status-publish","format-standard","has-post-thumbnail","hentry","category-xalapa"],"jetpack_featured_media_url":"https:\/\/encuentroinformativo.com.mx\/wp-content\/uploads\/2023\/08\/IMG-20230831-WA01042.jpg","jetpack_sharing_enabled":true,"jetpack_likes_enabled":true,"amp_enabled":true,"_links":{"self":[{"href":"https:\/\/encuentroinformativo.com.mx\/index.php?rest_route=\/wp\/v2\/posts\/44623","targetHints":{"allow":["GET"]}}],"collection":[{"href":"https:\/\/encuentroinformativo.com.mx\/index.php?rest_route=\/wp\/v2\/posts"}],"about":[{"href":"https:\/\/encuentroinformativo.com.mx\/index.php?rest_route=\/wp\/v2\/types\/post"}],"author":[{"embeddable":true,"href":"https:\/\/encuentroinformativo.com.mx\/index.php?rest_route=\/wp\/v2\/users\/2476"}],"replies":[{"embeddable":true,"href":"https:\/\/encuentroinformativo.com.mx\/index.php?rest_route=%2Fwp%2Fv2%2Fcomments&post=44623"}],"version-history":[{"count":1,"href":"https:\/\/encuentroinformativo.com.mx\/index.php?rest_route=\/wp\/v2\/posts\/44623\/revisions"}],"predecessor-version":[{"id":44626,"href":"https:\/\/encuentroinformativo.com.mx\/index.php?rest_route=\/wp\/v2\/posts\/44623\/revisions\/44626"}],"wp:featuredmedia":[{"embeddable":true,"href":"https:\/\/encuentroinformativo.com.mx\/index.php?rest_route=\/wp\/v2\/media\/44624"}],"wp:attachment":[{"href":"https:\/\/encuentroinformativo.com.mx\/index.php?rest_route=%2Fwp%2Fv2%2Fmedia&parent=44623"}],"wp:term":[{"taxonomy":"category","embeddable":true,"href":"https:\/\/encuentroinformativo.com.mx\/index.php?rest_route=%2Fwp%2Fv2%2Fcategories&post=44623"},{"taxonomy":"post_tag","embeddable":true,"href":"https:\/\/encuentroinformativo.com.mx\/index.php?rest_route=%2Fwp%2Fv2%2Ftags&post=44623"}],"curies":[{"name":"wp","href":"https:\/\/api.w.org\/{rel}","templated":true}]}}