{"id":44627,"date":"2023-08-31T21:26:32","date_gmt":"2023-09-01T03:26:32","guid":{"rendered":"https:\/\/encuentroinformativo.com.mx\/?p=44627"},"modified":"2023-08-31T21:26:35","modified_gmt":"2023-09-01T03:26:35","slug":"presenta-alcalde-jm-unanue-la-campana-septiembre-mes-del-testamento","status":"publish","type":"post","link":"https:\/\/encuentroinformativo.com.mx\/?p=44627","title":{"rendered":"Presenta Alcalde JM Un\u00e1nue la campa\u00f1a \u201cSeptiembre mes del Testamento\u201d"},"content":{"rendered":"\n<p><strong>*<em>El alcalde Invit\u00f3 a los boque\u00f1os para que durante todo septiembre aprovechen este beneficio que dar\u00e1 certeza jur\u00eddica a su patrimonio<\/em>.<\/strong><\/p>\n\n\n\n<p>Boca del R\u00edo, Ver.- Inici\u00f3 la campa\u00f1a \u201cSeptiembre mes del Testamento\u201d en el municipio de Boca del R\u00edo; as\u00ed lo anunci\u00f3 el alcalde Juan Manuel Un\u00e1nue Abascal quien comparti\u00f3 los requisitos para que los ciudadanos interesados puedan acceder a este beneficio y as\u00ed poder dar certeza jur\u00eddica a su patrimonio.<\/p>\n\n\n\n<p>Acompa\u00f1ado de la presidenta del DIF Municipal, Melina Rivera de Un\u00e1nue, el alcalde indic\u00f3 que el objetivo principal es contribuir a la cultura de previsi\u00f3n, as\u00ed como fomentar la importancia de actuar responsablemente para no heredar problemas a nuestros seres queridos.<\/p>\n\n\n\n<p>\u201cHay que aprovechar este mes para hacer el tr\u00e1mite de nuestro testamento, hay que reconocer al Colegio Nacional de Notarios, al Gobierno del Estado que impulsa este programa a\u00f1o con a\u00f1o y en el que nosotros nos unimos para generar bienestar y seguridad a las familias de Boca del R\u00edo que quieran hacer su testamento\u201d, declar\u00f3 el edil.<\/p>\n\n\n\n<p>Asimismo, agradeci\u00f3 a las cinco notar\u00edas de la demarcaci\u00f3n que se sumaron este a\u00f1o a la campa\u00f1a, destacando que el costo del testamento universal para todos los ciudadanos durante todo septiembre ser\u00e1 de mil 200 pesos.<\/p>\n\n\n\n<p>\u201cEs una gran oportunidad para no heredar problemas y generar certeza; yo agradezco mucho que est\u00e9n aqu\u00ed, el licenciado Genaro Isidro L\u00f3pez Castillo notario 13, el licenciado Leopoldo Dom\u00ednguez Armengual, notario 10. Agradezco tambi\u00e9n que se sumen a este programa el licenciado Joaqu\u00edn Tiburcio Galicia, titular de la notar\u00eda 17, al licenciado Enrique Levet Rivera de la notaria 52 y al licenciado Pedro Garc\u00eda Pensado de la notaria 42\u201d, expres\u00f3 Un\u00e1nue Abascal.<\/p>\n\n\n\n<p>Por su parte, la presidenta del DIF municipal invit\u00f3 a todos los ciudadanos boque\u00f1os a acercarse a las instalaciones de la Procuradur\u00eda del Menor a solicitar su tr\u00e1mite para el testamento de lunes a viernes en horario de 9 de la ma\u00f1ana a 1 de la tarde, presentando copia de su INE, CURP y comprobante de domicilio de Boca del R\u00edo.<\/p>\n\n\n\n<p>\u201cEstamos seguros que esta campa\u00f1a ser\u00e1 nuevamente un \u00e9xito, tan solo el a\u00f1o pasado durante septiembre, 395 ciudadanos boque\u00f1os tramitaron su testamento y hoy cuentan con la seguridad jur\u00eddica en su patrimonio\u201d, detall\u00f3 Rivera de Un\u00e1nue.<\/p>\n\n\n\n<p>Finalmente recordaron que el testamento es un documento personal, libre y revocable. Para mayores informes los interesados pueden comunicarse al n\u00famero telef\u00f3nico 2292 202 22 22, extensi\u00f3n 1345.<\/p>\n","protected":false},"excerpt":{"rendered":"<p>*El alcalde Invit\u00f3 a los boque\u00f1os para que durante todo septiembre aprovechen este beneficio que dar\u00e1 certeza jur\u00eddica a su patrimonio. Boca del R\u00edo, Ver.- Inici\u00f3 la campa\u00f1a \u201cSeptiembre mes del Testamento\u201d en el municipio de Boca del R\u00edo; as\u00ed lo anunci\u00f3 el alcalde Juan Manuel Un\u00e1nue Abascal quien comparti\u00f3 los requisitos para que los [&hellip;]<\/p>\n","protected":false},"author":2476,"featured_media":44628,"comment_status":"open","ping_status":"open","sticky":false,"template":"","format":"standard","meta":{"_jetpack_memberships_contains_paid_content":false,"footnotes":""},"categories":[2],"tags":[],"class_list":["post-44627","post","type-post","status-publish","format-standard","has-post-thumbnail","hentry","category-estado"],"jetpack_featured_media_url":"https:\/\/encuentroinformativo.com.mx\/wp-content\/uploads\/2023\/08\/IMG-20230831-WA01092.jpg","jetpack_sharing_enabled":true,"jetpack_likes_enabled":true,"amp_enabled":true,"_links":{"self":[{"href":"https:\/\/encuentroinformativo.com.mx\/index.php?rest_route=\/wp\/v2\/posts\/44627","targetHints":{"allow":["GET"]}}],"collection":[{"href":"https:\/\/encuentroinformativo.com.mx\/index.php?rest_route=\/wp\/v2\/posts"}],"about":[{"href":"https:\/\/encuentroinformativo.com.mx\/index.php?rest_route=\/wp\/v2\/types\/post"}],"author":[{"embeddable":true,"href":"https:\/\/encuentroinformativo.com.mx\/index.php?rest_route=\/wp\/v2\/users\/2476"}],"replies":[{"embeddable":true,"href":"https:\/\/encuentroinformativo.com.mx\/index.php?rest_route=%2Fwp%2Fv2%2Fcomments&post=44627"}],"version-history":[{"count":1,"href":"https:\/\/encuentroinformativo.com.mx\/index.php?rest_route=\/wp\/v2\/posts\/44627\/revisions"}],"predecessor-version":[{"id":44629,"href":"https:\/\/encuentroinformativo.com.mx\/index.php?rest_route=\/wp\/v2\/posts\/44627\/revisions\/44629"}],"wp:featuredmedia":[{"embeddable":true,"href":"https:\/\/encuentroinformativo.com.mx\/index.php?rest_route=\/wp\/v2\/media\/44628"}],"wp:attachment":[{"href":"https:\/\/encuentroinformativo.com.mx\/index.php?rest_route=%2Fwp%2Fv2%2Fmedia&parent=44627"}],"wp:term":[{"taxonomy":"category","embeddable":true,"href":"https:\/\/encuentroinformativo.com.mx\/index.php?rest_route=%2Fwp%2Fv2%2Fcategories&post=44627"},{"taxonomy":"post_tag","embeddable":true,"href":"https:\/\/encuentroinformativo.com.mx\/index.php?rest_route=%2Fwp%2Fv2%2Ftags&post=44627"}],"curies":[{"name":"wp","href":"https:\/\/api.w.org\/{rel}","templated":true}]}}