{"id":44630,"date":"2023-09-01T08:06:57","date_gmt":"2023-09-01T14:06:57","guid":{"rendered":"https:\/\/encuentroinformativo.com.mx\/?p=44630"},"modified":"2023-09-01T08:07:02","modified_gmt":"2023-09-01T14:07:02","slug":"la-inteligencia-artificial-y-la-duda-para-integrarla-a-la-universidad","status":"publish","type":"post","link":"https:\/\/encuentroinformativo.com.mx\/?p=44630","title":{"rendered":"La Inteligencia Artificial y la duda para integrarla a la universidad"},"content":{"rendered":"\n<figure class=\"wp-block-image size-large\"><img loading=\"lazy\" decoding=\"async\" width=\"818\" height=\"409\" src=\"https:\/\/encuentroinformativo.com.mx\/wp-content\/uploads\/2023\/09\/IMG-20230831-WA0113.jpg\" alt=\"\" class=\"wp-image-44631\" srcset=\"https:\/\/encuentroinformativo.com.mx\/wp-content\/uploads\/2023\/09\/IMG-20230831-WA0113.jpg 818w, https:\/\/encuentroinformativo.com.mx\/wp-content\/uploads\/2023\/09\/IMG-20230831-WA0113-300x150.jpg 300w, https:\/\/encuentroinformativo.com.mx\/wp-content\/uploads\/2023\/09\/IMG-20230831-WA0113-768x384.jpg 768w\" sizes=\"auto, (max-width: 818px) 100vw, 818px\" \/><\/figure>\n\n\n\n<p><strong>MAP. Ricardo Meza Dom\u00ednguez.<\/strong><\/p>\n\n\n\n<p>M\u00e9xico.- La adopci\u00f3n de la IA en la educaci\u00f3n genera reacciones mixtas. Algunos la ven como apoyo, otros como excusa para la pereza estudiantil.\u00a0Con esto algunas universidades est\u00e1n pensando c\u00f3mo hacer frente a la IA, pues tambi\u00e9n los maestros tendr\u00e1n que actualizarse ante semejante reto, las universidades aprobar\u00e1n el uso de la IA o la contrarrestar\u00e1n, pues varios centros educativos planean contrarrestar esto con ex\u00e1menes escritos y orales en el pr\u00f3ximo curso.\u00a0Educadores buscan asegurar la comprensi\u00f3n real del contenido en lugar de depender de la generaci\u00f3n de IA.<\/p>\n\n\n\n<p>Algunos dicen que las universidades est\u00e1n en guerra contra la IA, pues algunos docentes se preguntan como detectar los trabajos generados por IA ya que sera complicado, por tal motivo los maestros optan por ex\u00e1menes tradicionales. Algunos profesores consideran ex\u00e1menes orales para evaluar la comprensi\u00f3n del alumno.&nbsp;Los maestros dicen que integrar la IA sin afectar la aut\u00e9ntica experiencia de aprendizaje es un desaf\u00edo, ya que los profesores tambi\u00e9n deben capacitarse y estar preparados para no ser sorprendidos por los alumnos con trabajos realizados en la IA.&nbsp;<\/p>\n\n\n\n<p>El pr\u00f3ximo a\u00f1o acad\u00e9mico los maestros continuaran con m\u00e9todos de evaluaci\u00f3n tradicionales, pero paulatinamente tendr\u00e1n que actualizarse y ponerse al d\u00eda con la IA, pues reflejar la transici\u00f3n hacia las nuevas tecnolog\u00edas es una obligaci\u00f3n porque los j\u00f3venes se mantendr\u00e1n un paso adelante y un maestro debe tener herramientas para detectar los trabajos echos por un estudiante o creados en la IA.<\/p>\n\n\n\n<p>Por tal motivo los maestros se encuentran en desacuerdo con la aplicaci\u00f3n de IA en las aulas pues buscan asegurar la comprensi\u00f3n real en el alumno, ya que piensan que los j\u00f3venes no aprender\u00e1n correctamente, que los alumnos har\u00e1n trampa y no aprender\u00e1n, tambi\u00e9n dicen que no est\u00e1n preparados todav\u00eda y las universidades no est\u00e1n listas para ello, todo depender\u00e1 si las autoridades y profesores hacen un plan integral de uso de IA.<\/p>\n\n\n\n<p>Lo que es un echo es que tarde o temprano llegara el momento que la IA se parte de las universidades y los maestros tendr\u00e1n que capacitarse para enfrentar a la IA, con esto la educaci\u00f3n se vera beneficiada.<\/p>\n","protected":false},"excerpt":{"rendered":"<p>MAP. Ricardo Meza Dom\u00ednguez. M\u00e9xico.- La adopci\u00f3n de la IA en la educaci\u00f3n genera reacciones mixtas. Algunos la ven como apoyo, otros como excusa para la pereza estudiantil.\u00a0Con esto algunas universidades est\u00e1n pensando c\u00f3mo hacer frente a la IA, pues tambi\u00e9n los maestros tendr\u00e1n que actualizarse ante semejante reto, las universidades aprobar\u00e1n el uso de [&hellip;]<\/p>\n","protected":false},"author":2476,"featured_media":387,"comment_status":"open","ping_status":"open","sticky":false,"template":"","format":"standard","meta":{"_jetpack_memberships_contains_paid_content":false,"footnotes":""},"categories":[11],"tags":[],"class_list":["post-44630","post","type-post","status-publish","format-standard","has-post-thumbnail","hentry","category-opinion"],"jetpack_featured_media_url":"https:\/\/encuentroinformativo.com.mx\/wp-content\/uploads\/2020\/03\/7CF8A22B-2764-47BE-8F7F-38FE9E5D6A2F.jpeg","jetpack_sharing_enabled":true,"jetpack_likes_enabled":true,"amp_enabled":true,"_links":{"self":[{"href":"https:\/\/encuentroinformativo.com.mx\/index.php?rest_route=\/wp\/v2\/posts\/44630","targetHints":{"allow":["GET"]}}],"collection":[{"href":"https:\/\/encuentroinformativo.com.mx\/index.php?rest_route=\/wp\/v2\/posts"}],"about":[{"href":"https:\/\/encuentroinformativo.com.mx\/index.php?rest_route=\/wp\/v2\/types\/post"}],"author":[{"embeddable":true,"href":"https:\/\/encuentroinformativo.com.mx\/index.php?rest_route=\/wp\/v2\/users\/2476"}],"replies":[{"embeddable":true,"href":"https:\/\/encuentroinformativo.com.mx\/index.php?rest_route=%2Fwp%2Fv2%2Fcomments&post=44630"}],"version-history":[{"count":1,"href":"https:\/\/encuentroinformativo.com.mx\/index.php?rest_route=\/wp\/v2\/posts\/44630\/revisions"}],"predecessor-version":[{"id":44632,"href":"https:\/\/encuentroinformativo.com.mx\/index.php?rest_route=\/wp\/v2\/posts\/44630\/revisions\/44632"}],"wp:featuredmedia":[{"embeddable":true,"href":"https:\/\/encuentroinformativo.com.mx\/index.php?rest_route=\/wp\/v2\/media\/387"}],"wp:attachment":[{"href":"https:\/\/encuentroinformativo.com.mx\/index.php?rest_route=%2Fwp%2Fv2%2Fmedia&parent=44630"}],"wp:term":[{"taxonomy":"category","embeddable":true,"href":"https:\/\/encuentroinformativo.com.mx\/index.php?rest_route=%2Fwp%2Fv2%2Fcategories&post=44630"},{"taxonomy":"post_tag","embeddable":true,"href":"https:\/\/encuentroinformativo.com.mx\/index.php?rest_route=%2Fwp%2Fv2%2Ftags&post=44630"}],"curies":[{"name":"wp","href":"https:\/\/api.w.org\/{rel}","templated":true}]}}