{"id":44638,"date":"2023-09-01T10:53:41","date_gmt":"2023-09-01T16:53:41","guid":{"rendered":"https:\/\/encuentroinformativo.com.mx\/?p=44638"},"modified":"2023-09-01T11:11:12","modified_gmt":"2023-09-01T17:11:12","slug":"refrenda-ayuntamiento-compromiso-con-mexico-participan-en-guardias-patrias","status":"publish","type":"post","link":"https:\/\/encuentroinformativo.com.mx\/?p=44638","title":{"rendered":"Refrenda Ayuntamiento compromiso con M\u00e9xico, participa en guardias patrias"},"content":{"rendered":"\n<p>Xalapa, Ver.- Al conmemorar la gesta de Independencia, los mexicanos reafirmamos los valores de soberan\u00eda, justicia e igualdad, y ante los retos y desaf\u00edos de nuestro pa\u00eds, no podemos defraudar a las mujeres y hombres que dieron la vida por nuestra libertad, afirm\u00f3 el presidente municipal Ricardo Ahued Bardahuil, durante la ceremonia de Guardia de Honor por el 213 aniversario del inicio de la Independencia de M\u00e9xico.<\/p>\n\n\n\n<p>En el parque Miguel Hidalgo, \u201cLos Berros\u201d, frente al monumento erigido al padre de la patria, el Edil destac\u00f3 que es necesario seguir trabajando en favor del fortalecimiento de las instituciones y del Estado de Derecho, as\u00ed como garantizar la seguridad, la paz, el desarrollo econ\u00f3mico y el derecho a la salud y la educaci\u00f3n.<\/p>\n\n\n\n<p>Acompa\u00f1ado de las y los integrantes del Cabildo y funcionariado municipal, llam\u00f3 a honrar la memoria de aquellos que en 1810 so\u00f1aron con un M\u00e9xico justo y con igualdad de oportunidades, h\u00e9roes insurgentes que gu\u00edan e inspiran a nuestro pa\u00eds como una naci\u00f3n independiente.<\/p>\n\n\n\n<p>\u201cQue quede en nuestras conciencias, no podemos defraudar a las mujeres y hombres que dieron la vida por la independencia de nuestro pa\u00eds\u201d, concluy\u00f3.<\/p>\n\n\n\n<figure class=\"wp-block-image size-large\"><img loading=\"lazy\" decoding=\"async\" width=\"1024\" height=\"738\" src=\"https:\/\/encuentroinformativo.com.mx\/wp-content\/uploads\/2023\/09\/IMG-20230901-WA0016-1024x738.jpg\" alt=\"\" class=\"wp-image-44640\" srcset=\"https:\/\/encuentroinformativo.com.mx\/wp-content\/uploads\/2023\/09\/IMG-20230901-WA0016-1024x738.jpg 1024w, https:\/\/encuentroinformativo.com.mx\/wp-content\/uploads\/2023\/09\/IMG-20230901-WA0016-300x216.jpg 300w, https:\/\/encuentroinformativo.com.mx\/wp-content\/uploads\/2023\/09\/IMG-20230901-WA0016-768x554.jpg 768w, https:\/\/encuentroinformativo.com.mx\/wp-content\/uploads\/2023\/09\/IMG-20230901-WA0016-1536x1108.jpg 1536w, https:\/\/encuentroinformativo.com.mx\/wp-content\/uploads\/2023\/09\/IMG-20230901-WA0016.jpg 1599w\" sizes=\"auto, (max-width: 1024px) 100vw, 1024px\" \/><\/figure>\n","protected":false},"excerpt":{"rendered":"<p>Xalapa, Ver.- Al conmemorar la gesta de Independencia, los mexicanos reafirmamos los valores de soberan\u00eda, justicia e igualdad, y ante los retos y desaf\u00edos de nuestro pa\u00eds, no podemos defraudar a las mujeres y hombres que dieron la vida por nuestra libertad, afirm\u00f3 el presidente municipal Ricardo Ahued Bardahuil, durante la ceremonia de Guardia de [&hellip;]<\/p>\n","protected":false},"author":2476,"featured_media":44639,"comment_status":"open","ping_status":"open","sticky":false,"template":"","format":"standard","meta":{"_jetpack_memberships_contains_paid_content":false,"footnotes":""},"categories":[3],"tags":[],"class_list":["post-44638","post","type-post","status-publish","format-standard","has-post-thumbnail","hentry","category-xalapa"],"jetpack_featured_media_url":"https:\/\/encuentroinformativo.com.mx\/wp-content\/uploads\/2023\/09\/IMG-20230901-WA00112.jpg","jetpack_sharing_enabled":true,"jetpack_likes_enabled":true,"amp_enabled":true,"_links":{"self":[{"href":"https:\/\/encuentroinformativo.com.mx\/index.php?rest_route=\/wp\/v2\/posts\/44638","targetHints":{"allow":["GET"]}}],"collection":[{"href":"https:\/\/encuentroinformativo.com.mx\/index.php?rest_route=\/wp\/v2\/posts"}],"about":[{"href":"https:\/\/encuentroinformativo.com.mx\/index.php?rest_route=\/wp\/v2\/types\/post"}],"author":[{"embeddable":true,"href":"https:\/\/encuentroinformativo.com.mx\/index.php?rest_route=\/wp\/v2\/users\/2476"}],"replies":[{"embeddable":true,"href":"https:\/\/encuentroinformativo.com.mx\/index.php?rest_route=%2Fwp%2Fv2%2Fcomments&post=44638"}],"version-history":[{"count":2,"href":"https:\/\/encuentroinformativo.com.mx\/index.php?rest_route=\/wp\/v2\/posts\/44638\/revisions"}],"predecessor-version":[{"id":44642,"href":"https:\/\/encuentroinformativo.com.mx\/index.php?rest_route=\/wp\/v2\/posts\/44638\/revisions\/44642"}],"wp:featuredmedia":[{"embeddable":true,"href":"https:\/\/encuentroinformativo.com.mx\/index.php?rest_route=\/wp\/v2\/media\/44639"}],"wp:attachment":[{"href":"https:\/\/encuentroinformativo.com.mx\/index.php?rest_route=%2Fwp%2Fv2%2Fmedia&parent=44638"}],"wp:term":[{"taxonomy":"category","embeddable":true,"href":"https:\/\/encuentroinformativo.com.mx\/index.php?rest_route=%2Fwp%2Fv2%2Fcategories&post=44638"},{"taxonomy":"post_tag","embeddable":true,"href":"https:\/\/encuentroinformativo.com.mx\/index.php?rest_route=%2Fwp%2Fv2%2Ftags&post=44638"}],"curies":[{"name":"wp","href":"https:\/\/api.w.org\/{rel}","templated":true}]}}