{"id":44649,"date":"2023-09-01T12:52:57","date_gmt":"2023-09-01T18:52:57","guid":{"rendered":"https:\/\/encuentroinformativo.com.mx\/?p=44649"},"modified":"2023-09-01T12:53:03","modified_gmt":"2023-09-01T18:53:03","slug":"identifican-a-victimas-de-masacre-en-tlapacoyan","status":"publish","type":"post","link":"https:\/\/encuentroinformativo.com.mx\/?p=44649","title":{"rendered":"Identifican a v\u00edctimas de masacre en Tlapacoyan"},"content":{"rendered":"\n<p><strong>Juan Arcos <\/strong><\/p>\n\n\n\n<p>Xalapa, Ver.- Un total de cuatro personas, dos hombres y dos mujeres, fueron asesinadas a balazos en el bar \u201cGaribaldi\u201d, municipio de Tlapacoyan, ubicado en la zona centro del estado de Veracruz.<\/p>\n\n\n\n<p>Autoridades estatales dieron a conocer que se llevan a cabo las diligenciascorrespondientes por esta masacre, donde una de las l\u00edneas de investigaci\u00f3n es la probable venta de estupefacientes en ese lugar.<\/p>\n\n\n\n<p>Los hechos ocurrieron alrededor de las 21:45 horas del jueves 31 de agosto, en dicha cantina, ubicada sobre la calle Guti\u00e9rrez Zamora, entre las avenidas Arriaga y Valdez, en la zona centro de la ciudad de Tlapacoyan.<\/p>\n\n\n\n<p>Esto sucedi\u00f3 a unos metros del lugar conocido como \u201cLa Plazuela\u201d, donde los vecinos se alarmaron por las diversas detonaciones de arma de fuego que se escucharon a varios metros a la redonda.<\/p>\n\n\n\n<p>La Fiscal\u00eda General del Estado (FGE), a cargo de Ver\u00f3nica Hern\u00e1ndez Giad\u00e1ns, inform\u00f3 que tras dicho ataque armado murieron dos hombres y dos mujeres por herida de proyectil de arma de fuego, resultando lesionada una persona m\u00e1s, que se encuentra fuera de peligro.<\/p>\n\n\n\n<p>\u201cSe inici\u00f3 carpeta de investigaci\u00f3n, por los hechos suscitados en el bar \u201cGaribaldi\u201d, ubicado en la calle Guti\u00e9rrez Zamora, colonia centro, del municipio de Tlapacoyan. Una de las l\u00edneas de investigaci\u00f3n es la probable venta de estupefacientes en ese lugar. Fiscales, Peritos y Polic\u00edas Ministeriales, llevan a cabo las diligencias de m\u00e9rito para esclarecer estos hechos los cuales no quedar\u00e1n impunes\u201d, se lee en un breve comunicado de la FGE.<\/p>\n\n\n\n<p>Tras la masacre, se despleg\u00f3 un fuerte operativo de seguridad en la zona, as\u00ed como en entradas y salidas de Tlapacoyan; sin embargo, los responsables del multihomicidio no han sido detenidos.Tres de las v\u00edctimas murieron en el lugar de los hechos. Se trata de Celia L. M., de 52 a\u00f1os, empleada del bar; Jose Luis M. L., de 31 a\u00f1os, campesino; y Mar\u00eda Felix V. E., de 59 a\u00f1os, propietaria del bar \u201cGaribaldi\u201d.<\/p>\n\n\n\n<p>Minutos m\u00e1s tarde, falleci\u00f3 el campesino Victor H. G., de 50 a\u00f1os, en el hospital debido a la gravedad de las lesiones por impactos de bala. El \u00fanico sobreviviente fue identificado como Sergio I. E., de 33 a\u00f1os, de ocupaci\u00f3n empleado, quien solo recibi\u00f3 un impacto de bala en un gl\u00fateo.<\/p>\n\n\n\n<p>La Secretar\u00eda de Seguridad P\u00fablica (SSP), a cargo de Cuauht\u00e9moc Z\u00fa\u00f1iga Bonilla, inform\u00f3 que se ha reforzado la seguridad en la zona y se\u00f1al\u00f3 que dicho bar se encontraba abierto en la madrugada fuera de su horario de acuerdo a la c\u00e9dula municipal de empadronamiento, por lo que se conmin\u00f3 a la autoridad municipal actuar al respecto.<\/p>\n\n\n\n<p>&#8220;As\u00ed mismo, se est\u00e1 tras los responsables quienes se dedican a actividades ilegales de narcomenudeo, y dentro de la competencia correspondiente se indaga la relaci\u00f3n que pudieran tener con la presunta venta ilegal de droga al interior del bar con complicidad de la due\u00f1a, quien perdiera la vida en estos eventos\u201d, indic\u00f3 la SSP<\/p>\n","protected":false},"excerpt":{"rendered":"<p>Juan Arcos Xalapa, Ver.- Un total de cuatro personas, dos hombres y dos mujeres, fueron asesinadas a balazos en el bar \u201cGaribaldi\u201d, municipio de Tlapacoyan, ubicado en la zona centro del estado de Veracruz. Autoridades estatales dieron a conocer que se llevan a cabo las diligenciascorrespondientes por esta masacre, donde una de las l\u00edneas de [&hellip;]<\/p>\n","protected":false},"author":2476,"featured_media":44650,"comment_status":"open","ping_status":"open","sticky":false,"template":"","format":"standard","meta":{"_jetpack_memberships_contains_paid_content":false,"footnotes":""},"categories":[14],"tags":[],"class_list":["post-44649","post","type-post","status-publish","format-standard","has-post-thumbnail","hentry","category-policiaca"],"jetpack_featured_media_url":"https:\/\/encuentroinformativo.com.mx\/wp-content\/uploads\/2023\/09\/IMG_3913.jpg","jetpack_sharing_enabled":true,"jetpack_likes_enabled":true,"amp_enabled":true,"_links":{"self":[{"href":"https:\/\/encuentroinformativo.com.mx\/index.php?rest_route=\/wp\/v2\/posts\/44649","targetHints":{"allow":["GET"]}}],"collection":[{"href":"https:\/\/encuentroinformativo.com.mx\/index.php?rest_route=\/wp\/v2\/posts"}],"about":[{"href":"https:\/\/encuentroinformativo.com.mx\/index.php?rest_route=\/wp\/v2\/types\/post"}],"author":[{"embeddable":true,"href":"https:\/\/encuentroinformativo.com.mx\/index.php?rest_route=\/wp\/v2\/users\/2476"}],"replies":[{"embeddable":true,"href":"https:\/\/encuentroinformativo.com.mx\/index.php?rest_route=%2Fwp%2Fv2%2Fcomments&post=44649"}],"version-history":[{"count":1,"href":"https:\/\/encuentroinformativo.com.mx\/index.php?rest_route=\/wp\/v2\/posts\/44649\/revisions"}],"predecessor-version":[{"id":44651,"href":"https:\/\/encuentroinformativo.com.mx\/index.php?rest_route=\/wp\/v2\/posts\/44649\/revisions\/44651"}],"wp:featuredmedia":[{"embeddable":true,"href":"https:\/\/encuentroinformativo.com.mx\/index.php?rest_route=\/wp\/v2\/media\/44650"}],"wp:attachment":[{"href":"https:\/\/encuentroinformativo.com.mx\/index.php?rest_route=%2Fwp%2Fv2%2Fmedia&parent=44649"}],"wp:term":[{"taxonomy":"category","embeddable":true,"href":"https:\/\/encuentroinformativo.com.mx\/index.php?rest_route=%2Fwp%2Fv2%2Fcategories&post=44649"},{"taxonomy":"post_tag","embeddable":true,"href":"https:\/\/encuentroinformativo.com.mx\/index.php?rest_route=%2Fwp%2Fv2%2Ftags&post=44649"}],"curies":[{"name":"wp","href":"https:\/\/api.w.org\/{rel}","templated":true}]}}