{"id":44652,"date":"2023-09-01T13:22:18","date_gmt":"2023-09-01T19:22:18","guid":{"rendered":"https:\/\/encuentroinformativo.com.mx\/?p=44652"},"modified":"2023-09-01T13:22:22","modified_gmt":"2023-09-01T19:22:22","slug":"preparan-partidos-concentracion-a-favor-de-xochitl-galvez-en-xalapa","status":"publish","type":"post","link":"https:\/\/encuentroinformativo.com.mx\/?p=44652","title":{"rendered":"Preparan partidos concentracion a favor de X\u00f3chitl G\u00e1lvez en Xalapa"},"content":{"rendered":"\n<p><strong>Juan Arcos <\/strong><\/p>\n\n\n\n<p>Xalapa, Ver.- El pr\u00f3ximo domingo 3 de septiembre habr\u00e1 una concentraci\u00f3n de priistas, perredistas y panistas en Plaza Sebasti\u00e1n Lerdo de Tejada, en la ciudad de Xalapa, situaci\u00f3n que se har\u00e1 de manera simult\u00e1nea en los 300 distritos electorales del pa\u00eds para apoyar a la senadora X\u00f3chitl G\u00e1lvez Ruiz durante la entrega de la constancia como coordinadora del Frente Amplio por M\u00e9xico (FAM).<\/p>\n\n\n\n<p>El dirigente del Partido Revolucionario Institucional (PRI), Marlon Ram\u00edrez Mar\u00edn, se reuni\u00f3 con l\u00edderes del Partido Acci\u00f3n Nacional (PAN) y del Partido de la Revoluci\u00f3n Democr\u00e1tica (PRD) en la capital de Veracruz para manifestar su apoyo a X\u00f3chitl G\u00e1lvez.<\/p>\n\n\n\n<p>&#8220;M\u00e9xico y Veracruz son primero, por esa raz\u00f3n tomamos la decisi\u00f3n en el PRI de respaldar a nuestra compa\u00f1era X\u00f3chilt G\u00e1lvez para encabezar el Frente Amplio por M\u00e9xico\u201d, expres\u00f3.<\/p>\n\n\n\n<p>El l\u00edder priista asegur\u00f3 que se aspira a la consolidaci\u00f3n del FAM porque la experiencia reciente indica que se trata de la opci\u00f3n pol\u00edtica m\u00e1s fuerte de cara a la elecci\u00f3n del a\u00f1o pr\u00f3ximo.<\/p>\n\n\n\n<p>\u201cLa aspiraci\u00f3n de todos los que estamos aqu\u00ed es fortalecer la opci\u00f3n de tener un mejor pa\u00eds y un mejor Veracruz porque el PRI jam\u00e1s ha sido ni ser\u00e1 factor de divisi\u00f3n, al contrario las y los priistas hemos construido este pa\u00eds, hemos demostrado institucionalidad, capacidad y experiencia pol\u00edtica para darle paz y armon\u00eda\u201d.<\/p>\n\n\n\n<p>Ram\u00edrez Mar\u00edn enfatiz\u00f3 que una mujer ser\u00e1 la pr\u00f3xima presidenta de M\u00e9xico y lo har\u00e1 bajo las siglas del Frente Amplio con M\u00e9xico.<\/p>\n\n\n\n<p>Por su parte, Roberto Pe\u00f1a Gonz\u00e1lez, en representaci\u00f3n del dirigente estatal del PRD, Sergio Cadena Mart\u00ednez, indic\u00f3 que la m oposici\u00f3n se fortalece de cara a las elecciones de 2024 y asegur\u00f3 que el PRI, PAN y PRD est\u00e1n dispuestos a dar la batalla.<\/p>\n\n\n\n<p>&#8220;Hoy comienzan los tiempos de cambio, la batalla electoral, sin duda no ser\u00e1 f\u00e1cil ante los abusos del poder, pero demostramos valor, energ\u00eda y valor que en M\u00e9xico se puede vivir en armon\u00eda y se puede construir una etapa de desarrollo y bienestar social\u201d, refiri\u00f3 el perredista.<\/p>\n\n\n\n<p>El domingo 2 de junio de 2024 ser\u00e1n las pr\u00f3ximas elecciones presidenciales en M\u00e9xico y millones de ciudadanos decidir\u00e1n qui\u00e9n suceder\u00e1 al presidente de la Rep\u00fablica Mexicana, Andr\u00e9s Manuel L\u00f3pez Obrado<\/p>\n","protected":false},"excerpt":{"rendered":"<p>Juan Arcos Xalapa, Ver.- El pr\u00f3ximo domingo 3 de septiembre habr\u00e1 una concentraci\u00f3n de priistas, perredistas y panistas en Plaza Sebasti\u00e1n Lerdo de Tejada, en la ciudad de Xalapa, situaci\u00f3n que se har\u00e1 de manera simult\u00e1nea en los 300 distritos electorales del pa\u00eds para apoyar a la senadora X\u00f3chitl G\u00e1lvez Ruiz durante la entrega de [&hellip;]<\/p>\n","protected":false},"author":2476,"featured_media":44653,"comment_status":"open","ping_status":"open","sticky":false,"template":"","format":"standard","meta":{"_jetpack_memberships_contains_paid_content":false,"footnotes":""},"categories":[2],"tags":[],"class_list":["post-44652","post","type-post","status-publish","format-standard","has-post-thumbnail","hentry","category-estado"],"jetpack_featured_media_url":"https:\/\/encuentroinformativo.com.mx\/wp-content\/uploads\/2023\/09\/IMG_39242.jpg","jetpack_sharing_enabled":true,"jetpack_likes_enabled":true,"amp_enabled":true,"_links":{"self":[{"href":"https:\/\/encuentroinformativo.com.mx\/index.php?rest_route=\/wp\/v2\/posts\/44652","targetHints":{"allow":["GET"]}}],"collection":[{"href":"https:\/\/encuentroinformativo.com.mx\/index.php?rest_route=\/wp\/v2\/posts"}],"about":[{"href":"https:\/\/encuentroinformativo.com.mx\/index.php?rest_route=\/wp\/v2\/types\/post"}],"author":[{"embeddable":true,"href":"https:\/\/encuentroinformativo.com.mx\/index.php?rest_route=\/wp\/v2\/users\/2476"}],"replies":[{"embeddable":true,"href":"https:\/\/encuentroinformativo.com.mx\/index.php?rest_route=%2Fwp%2Fv2%2Fcomments&post=44652"}],"version-history":[{"count":1,"href":"https:\/\/encuentroinformativo.com.mx\/index.php?rest_route=\/wp\/v2\/posts\/44652\/revisions"}],"predecessor-version":[{"id":44654,"href":"https:\/\/encuentroinformativo.com.mx\/index.php?rest_route=\/wp\/v2\/posts\/44652\/revisions\/44654"}],"wp:featuredmedia":[{"embeddable":true,"href":"https:\/\/encuentroinformativo.com.mx\/index.php?rest_route=\/wp\/v2\/media\/44653"}],"wp:attachment":[{"href":"https:\/\/encuentroinformativo.com.mx\/index.php?rest_route=%2Fwp%2Fv2%2Fmedia&parent=44652"}],"wp:term":[{"taxonomy":"category","embeddable":true,"href":"https:\/\/encuentroinformativo.com.mx\/index.php?rest_route=%2Fwp%2Fv2%2Fcategories&post=44652"},{"taxonomy":"post_tag","embeddable":true,"href":"https:\/\/encuentroinformativo.com.mx\/index.php?rest_route=%2Fwp%2Fv2%2Ftags&post=44652"}],"curies":[{"name":"wp","href":"https:\/\/api.w.org\/{rel}","templated":true}]}}