{"id":44655,"date":"2023-09-01T13:40:16","date_gmt":"2023-09-01T19:40:16","guid":{"rendered":"https:\/\/encuentroinformativo.com.mx\/?p=44655"},"modified":"2023-09-01T13:40:20","modified_gmt":"2023-09-01T19:40:20","slug":"no-promovemos-divisiones-segob","status":"publish","type":"post","link":"https:\/\/encuentroinformativo.com.mx\/?p=44655","title":{"rendered":"No promovemos divisiones: Segob"},"content":{"rendered":"\n<p><strong>Dar\u00edo Pale <\/strong><\/p>\n\n\n\n<p>Xalapa, Ver.- El secretario de gobierno Eric Cisneros Burgos minimiz\u00f3 el tema de los desaparecidos ya que se\u00f1al\u00f3 que el tema es el inicio del mes patrio por lo que solicit\u00f3 a los medios que se centrar\u00e1n en eso.<\/p>\n\n\n\n<p>En entrevista posterior a la guardia de honor frente al monumento al padre de la patria Miguel Hidalgo y Costilla, cuestionado por la manifestaci\u00f3n de los familiares de los desaparecidos que se manifestaron el pasado mi\u00e9rcoles donde se\u00f1alaron que Veracruz es la fosa m\u00e1s grande en el pa\u00eds.<\/p>\n\n\n\n<p>Solo se limit\u00f3 a comentar &#8220;hoy estamos hablando del inicio del mes de la patria yo le pedir\u00eda que nos centremos en eso, hay alguna otra&#8230;.,&#8221; se le cuestion\u00f3 de nueva cuenta que si no es prioridad el tema de desparecidos lo cual ignoro.<\/p>\n\n\n\n<p>En otro orden de ideas se\u00f1al\u00f3 que, no promueven divisiones al contrario, al contrario promueven la inclusi\u00f3n, los conservadores son los que promueven las ambiciones, y se dijo respetuoso de las declaraciones del diputado &#8220;Cazar\u00edn&#8221;, si \u00e9l considera que se siente as\u00ed tendr\u00e1 que asistir ante las instancias ya que no tiene m\u00e1s detalles.<\/p>\n\n\n\n<p>&#8220;Pues nosotros somos respetuosos de lo que \u00e9l manifieste (Juan Javier G\u00f3mez Cazar\u00edn) tendr\u00e1 sus razones si \u00e9l considera que se siente as\u00ed, pues tendr\u00e1 que ir a las instancias. No conozco m\u00e1s detalles, no he platicado con \u00e9l en estos \u00faltimos d\u00edas y no nos ha comentado absolutamente nada&#8221;, explic\u00f3.\u00a0<\/p>\n\n\n\n<p>Aunque durante su discurso hizo alusi\u00f3n a pol\u00edticos &#8220;vulgares&#8221; que buscan divisi\u00f3n y que confunden la amistad con la complicidad, en la entrevista modific\u00f3 la lectura del mismo, diciendo que hac\u00eda referencia a la exclusi\u00f3n que han padecido los afrodescendientes.<\/p>\n\n\n\n<p>&#8220;Bueno (&#8230;) a qui\u00e9nes pretendan ambicionar algo (&#8230;) miren, entonces no escucharon bien el discurso; el discurso lo que dice es que no es el discurso, son nuestras acciones. Lo que dice, en esencia, es que los que somos liberales siempre vamos a incluir la participaci\u00f3n de todos&#8221;, expres\u00f3.\u00a0<\/p>\n\n\n\n<p>No obstante, el diputado Cazar\u00edn dijo en una entrevista proporcionada a la Radio en el Congreso que el secretario de Gobierno no era su amigo, pero tampoco su enemigo, por lo que Cisneros pudo hacer referencia, en su discurso, a esta entrevista.<\/p>\n\n\n\n<p>Por \u00faltimo coment\u00f3 que, &#8220;los liberales somos aut\u00e9nticos transformadores, no imitadores ni simuladores y creen que es la transformaci\u00f3n lo que les da derecho a simular. Tambi\u00e9n confunden la amistad con complicidad somos responsables de nuestros actos y amigos s\u00f3lo en el progreso de Veracruz&#8221;.<\/p>\n","protected":false},"excerpt":{"rendered":"<p>Dar\u00edo Pale Xalapa, Ver.- El secretario de gobierno Eric Cisneros Burgos minimiz\u00f3 el tema de los desaparecidos ya que se\u00f1al\u00f3 que el tema es el inicio del mes patrio por lo que solicit\u00f3 a los medios que se centrar\u00e1n en eso. En entrevista posterior a la guardia de honor frente al monumento al padre de [&hellip;]<\/p>\n","protected":false},"author":2476,"featured_media":44656,"comment_status":"open","ping_status":"open","sticky":false,"template":"","format":"standard","meta":{"_jetpack_memberships_contains_paid_content":false,"footnotes":""},"categories":[2],"tags":[],"class_list":["post-44655","post","type-post","status-publish","format-standard","has-post-thumbnail","hentry","category-estado"],"jetpack_featured_media_url":"https:\/\/encuentroinformativo.com.mx\/wp-content\/uploads\/2023\/09\/IMG-20230901-WA00642.jpg","jetpack_sharing_enabled":true,"jetpack_likes_enabled":true,"amp_enabled":true,"_links":{"self":[{"href":"https:\/\/encuentroinformativo.com.mx\/index.php?rest_route=\/wp\/v2\/posts\/44655","targetHints":{"allow":["GET"]}}],"collection":[{"href":"https:\/\/encuentroinformativo.com.mx\/index.php?rest_route=\/wp\/v2\/posts"}],"about":[{"href":"https:\/\/encuentroinformativo.com.mx\/index.php?rest_route=\/wp\/v2\/types\/post"}],"author":[{"embeddable":true,"href":"https:\/\/encuentroinformativo.com.mx\/index.php?rest_route=\/wp\/v2\/users\/2476"}],"replies":[{"embeddable":true,"href":"https:\/\/encuentroinformativo.com.mx\/index.php?rest_route=%2Fwp%2Fv2%2Fcomments&post=44655"}],"version-history":[{"count":1,"href":"https:\/\/encuentroinformativo.com.mx\/index.php?rest_route=\/wp\/v2\/posts\/44655\/revisions"}],"predecessor-version":[{"id":44657,"href":"https:\/\/encuentroinformativo.com.mx\/index.php?rest_route=\/wp\/v2\/posts\/44655\/revisions\/44657"}],"wp:featuredmedia":[{"embeddable":true,"href":"https:\/\/encuentroinformativo.com.mx\/index.php?rest_route=\/wp\/v2\/media\/44656"}],"wp:attachment":[{"href":"https:\/\/encuentroinformativo.com.mx\/index.php?rest_route=%2Fwp%2Fv2%2Fmedia&parent=44655"}],"wp:term":[{"taxonomy":"category","embeddable":true,"href":"https:\/\/encuentroinformativo.com.mx\/index.php?rest_route=%2Fwp%2Fv2%2Fcategories&post=44655"},{"taxonomy":"post_tag","embeddable":true,"href":"https:\/\/encuentroinformativo.com.mx\/index.php?rest_route=%2Fwp%2Fv2%2Ftags&post=44655"}],"curies":[{"name":"wp","href":"https:\/\/api.w.org\/{rel}","templated":true}]}}