{"id":44658,"date":"2023-09-01T14:08:00","date_gmt":"2023-09-01T20:08:00","guid":{"rendered":"https:\/\/encuentroinformativo.com.mx\/?p=44658"},"modified":"2023-09-01T14:08:04","modified_gmt":"2023-09-01T20:08:04","slug":"confirma-alcalde-suspension-de-estacionamiento-de-plaza-comercial","status":"publish","type":"post","link":"https:\/\/encuentroinformativo.com.mx\/?p=44658","title":{"rendered":"Confirma alcalde suspensi\u00f3n de estacionamiento de plaza comercial"},"content":{"rendered":"\n<p><strong>Dar\u00edo Pale <\/strong><\/p>\n\n\n\n<p>Xalapa, Ver.- Confirma el alcalde Ricardo Ahued Bardahuil la clausura del estacionamiento de las \u00c1nimas, dijo desconocer el total en p\u00e9rdidas por la inundaci\u00f3n, sin embargo se estima mayor a los dos millones.<\/p>\n\n\n\n<p>En entrevista en el marco de la Guardia de Honor que encabez\u00f3 este 1 de septiembre ante el monumento erigido a don Miguel Hidalgo y Costilla, confirm\u00f3 la clausura del estacionamiento subterr\u00e1neo de la Plaza \u00c1nimas, hasta que \u00e9ste haga entrega de una carpeta de protocolo para las lluvias, por lo que las autoridades municipales est\u00e1n a la espera de que la empresa haga la firma del protocolo para este estacionamiento que con cada lluvia se inunda, causando p\u00e9rdidas millonarias.<\/p>\n\n\n\n<p>&#8220;Est\u00e1 suspendido (el estacionamiento) hasta que hagan entrega de una carpeta de protocolo para las lluvias&#8221;, se\u00f1al\u00f3.<\/p>\n\n\n\n<p>Cuestionado respecto a las p\u00e9rdidas que esta inundaci\u00f3n caus\u00f3 en decenas de veh\u00edculos, estimada en m\u00e1s de dos millones de pesos, asegur\u00f3 que esa cifra no la tiene debidos que es propiedad privada.\u00a0<\/p>\n\n\n\n<p>Es de recordar que por varios a\u00f1os este estacionamiento se ha inundado, generando da\u00f1os y sin que la plaza de responsabilice por estos, dejando que los propietarios de veh\u00edculos hagan los pagos del da\u00f1o o solicite a la aseguradora.<\/p>\n\n\n\n<p>En otro orden de ideas dijo que, el Ayuntamiento de Xalapa no tiene registros ni solicitudes para el proyecto de desarrollo de un colector pluvial sobre la avenida Adolfo Ruiz Cortines.<\/p>\n\n\n\n<p>Dijo que, la informaci\u00f3n que al respecto tienen vecinos de la zona, puede derivar de alguna confusi\u00f3n. \u00a0<\/p>\n\n\n\n<p>\u201cNo lo conozco (el proyecto), no tenemos noticias nosotros de que se vaya a hacer obra, tal vez hay una confusi\u00f3n si fuera as\u00ed nos tendr\u00eda que llegar un aviso y no tenemos informaci\u00f3n de eso\u201d, inform\u00f3.<\/p>\n\n\n\n<p>Respecto a la reactivaci\u00f3n de los trabajos en el puente a desnivel, en L\u00e1zaro C\u00e1rdenas, a la altura de la plaza comercial cercana a la Secretar\u00eda de Finanzas, el presidente municipal, coment\u00f3 que la suspensi\u00f3n se levant\u00f3 pues el tramo ya no tiene arbolado. \u00a0<\/p>\n\n\n\n<p>\u201cLevantaron la suspensi\u00f3n del tramo que ya no tiene \u00e1rboles y el otro queda todav\u00eda pendiente para que se haga, entiendo, una modificaci\u00f3n del proyecto para que la autoridad decida c\u00f3mo resolver un tema social, de vialidad y ambiental que tambi\u00e9n es muy importante atender\u201d, dijo en entrevista.<\/p>\n\n\n\n<p>Coment\u00f3 que no son temas que correspondan al municipio, \u201cno lo llevamos nosotros, ni Desarrollo Urbano ni Obras P\u00fablicas, los tramos que faltan est\u00e1n suspendidos, pero entiendo que tratan que se haga la vialidad en que siga afectando m\u00e1s\u201d.\u00a0<\/p>\n\n\n\n<p>Finalmente en ese sentido record\u00f3 que m\u00e1s de 450 \u00e1rboles end\u00e9micos se han plantado sobre L\u00e1zaro C\u00e1rdenas como parte de las acciones de remediaci\u00f3n ambiental que se lleva a cabo en coordinaci\u00f3n con autoridades de Gobierno del Estado.<\/p>\n","protected":false},"excerpt":{"rendered":"<p>Dar\u00edo Pale Xalapa, Ver.- Confirma el alcalde Ricardo Ahued Bardahuil la clausura del estacionamiento de las \u00c1nimas, dijo desconocer el total en p\u00e9rdidas por la inundaci\u00f3n, sin embargo se estima mayor a los dos millones. En entrevista en el marco de la Guardia de Honor que encabez\u00f3 este 1 de septiembre ante el monumento erigido [&hellip;]<\/p>\n","protected":false},"author":2476,"featured_media":44659,"comment_status":"open","ping_status":"open","sticky":false,"template":"","format":"standard","meta":{"_jetpack_memberships_contains_paid_content":false,"footnotes":""},"categories":[3],"tags":[],"class_list":["post-44658","post","type-post","status-publish","format-standard","has-post-thumbnail","hentry","category-xalapa"],"jetpack_featured_media_url":"https:\/\/encuentroinformativo.com.mx\/wp-content\/uploads\/2023\/09\/IMG-20230901-WA00732.jpg","jetpack_sharing_enabled":true,"jetpack_likes_enabled":true,"amp_enabled":true,"_links":{"self":[{"href":"https:\/\/encuentroinformativo.com.mx\/index.php?rest_route=\/wp\/v2\/posts\/44658","targetHints":{"allow":["GET"]}}],"collection":[{"href":"https:\/\/encuentroinformativo.com.mx\/index.php?rest_route=\/wp\/v2\/posts"}],"about":[{"href":"https:\/\/encuentroinformativo.com.mx\/index.php?rest_route=\/wp\/v2\/types\/post"}],"author":[{"embeddable":true,"href":"https:\/\/encuentroinformativo.com.mx\/index.php?rest_route=\/wp\/v2\/users\/2476"}],"replies":[{"embeddable":true,"href":"https:\/\/encuentroinformativo.com.mx\/index.php?rest_route=%2Fwp%2Fv2%2Fcomments&post=44658"}],"version-history":[{"count":1,"href":"https:\/\/encuentroinformativo.com.mx\/index.php?rest_route=\/wp\/v2\/posts\/44658\/revisions"}],"predecessor-version":[{"id":44660,"href":"https:\/\/encuentroinformativo.com.mx\/index.php?rest_route=\/wp\/v2\/posts\/44658\/revisions\/44660"}],"wp:featuredmedia":[{"embeddable":true,"href":"https:\/\/encuentroinformativo.com.mx\/index.php?rest_route=\/wp\/v2\/media\/44659"}],"wp:attachment":[{"href":"https:\/\/encuentroinformativo.com.mx\/index.php?rest_route=%2Fwp%2Fv2%2Fmedia&parent=44658"}],"wp:term":[{"taxonomy":"category","embeddable":true,"href":"https:\/\/encuentroinformativo.com.mx\/index.php?rest_route=%2Fwp%2Fv2%2Fcategories&post=44658"},{"taxonomy":"post_tag","embeddable":true,"href":"https:\/\/encuentroinformativo.com.mx\/index.php?rest_route=%2Fwp%2Fv2%2Ftags&post=44658"}],"curies":[{"name":"wp","href":"https:\/\/api.w.org\/{rel}","templated":true}]}}