{"id":44670,"date":"2023-09-01T11:28:50","date_gmt":"2023-09-01T17:28:50","guid":{"rendered":"https:\/\/encuentroinformativo.com.mx\/?p=44670"},"modified":"2023-09-01T15:38:32","modified_gmt":"2023-09-01T21:38:32","slug":"intensifican-campana-para-actualizar-credenciales-de-elector","status":"publish","type":"post","link":"https:\/\/encuentroinformativo.com.mx\/?p=44670","title":{"rendered":"Intensifican campa\u00f1a para actualizar credenciales de elector"},"content":{"rendered":"\n<p><strong>Dar\u00edo Pale <\/strong><\/p>\n\n\n\n<p>Xalapa, Ver.- El vocal del Registro Federal de Electores de Veracruz, Sergio Vera Olvera indic\u00f3 que este es el momento en el que las personas que no cuenten con su credencial de elector o que necesiten se les haga un cambio acudan a realizarlo.<\/p>\n\n\n\n<p>Resalt\u00f3 que a partir de hoy y hasta el 23 de enero se realizar\u00e1 la campa\u00f1a anual intensa para reforzar los m\u00f3dulos con los que cuentan en la capital Veracruzana para dar una mejor atenci\u00f3n a los ciudadanos.<\/p>\n\n\n\n<p>Asimismo resalt\u00f3 que ya se est\u00e1 iniciando la nueva distritaci\u00f3n mismo que inici\u00f3 hace dos a\u00f1os pero su vigencia entra en vigor a partir de hoy, record\u00f3 que el estado de Veracruz cuenta con 19 distritos.<\/p>\n\n\n\n<p>Asimismo mencion\u00f3 que se cambiaron cabeceras municipales como en el caso de Tantoyuca, que cambia a la de \u00c1lamo Temapache, en el caso de Xalapa se contar\u00e1 con un solo distrito, que ser\u00e1 el distrito 10 desapareciendo el distrito 8.<\/p>\n\n\n\n<p>En ese sentido indic\u00f3 que los ciudadanos no tienen por qu\u00e9 preocuparse ya que no se reducir\u00e1n los m\u00f3dulos de atenci\u00f3n simplemente se cambiar\u00e1 la sede de la junta distrital.<\/p>\n\n\n\n<p>Para finalizar hizo el llamado a los j\u00f3venes que est\u00e1n a punto de cumplir 18 a\u00f1os para que adquieran su credencial de elector y puedan votar el pr\u00f3ximo a\u00f1o.<\/p>\n","protected":false},"excerpt":{"rendered":"<p>Dar\u00edo Pale Xalapa, Ver.- El vocal del Registro Federal de Electores de Veracruz, Sergio Vera Olvera indic\u00f3 que este es el momento en el que las personas que no cuenten con su credencial de elector o que necesiten se les haga un cambio acudan a realizarlo. Resalt\u00f3 que a partir de hoy y hasta el [&hellip;]<\/p>\n","protected":false},"author":2476,"featured_media":44671,"comment_status":"open","ping_status":"open","sticky":false,"template":"","format":"standard","meta":{"_jetpack_memberships_contains_paid_content":false,"footnotes":""},"categories":[2],"tags":[],"class_list":["post-44670","post","type-post","status-publish","format-standard","has-post-thumbnail","hentry","category-estado"],"jetpack_featured_media_url":"https:\/\/encuentroinformativo.com.mx\/wp-content\/uploads\/2023\/09\/IMG-20230901-WA0088.jpg","jetpack_sharing_enabled":true,"jetpack_likes_enabled":true,"amp_enabled":true,"_links":{"self":[{"href":"https:\/\/encuentroinformativo.com.mx\/index.php?rest_route=\/wp\/v2\/posts\/44670","targetHints":{"allow":["GET"]}}],"collection":[{"href":"https:\/\/encuentroinformativo.com.mx\/index.php?rest_route=\/wp\/v2\/posts"}],"about":[{"href":"https:\/\/encuentroinformativo.com.mx\/index.php?rest_route=\/wp\/v2\/types\/post"}],"author":[{"embeddable":true,"href":"https:\/\/encuentroinformativo.com.mx\/index.php?rest_route=\/wp\/v2\/users\/2476"}],"replies":[{"embeddable":true,"href":"https:\/\/encuentroinformativo.com.mx\/index.php?rest_route=%2Fwp%2Fv2%2Fcomments&post=44670"}],"version-history":[{"count":1,"href":"https:\/\/encuentroinformativo.com.mx\/index.php?rest_route=\/wp\/v2\/posts\/44670\/revisions"}],"predecessor-version":[{"id":44672,"href":"https:\/\/encuentroinformativo.com.mx\/index.php?rest_route=\/wp\/v2\/posts\/44670\/revisions\/44672"}],"wp:featuredmedia":[{"embeddable":true,"href":"https:\/\/encuentroinformativo.com.mx\/index.php?rest_route=\/wp\/v2\/media\/44671"}],"wp:attachment":[{"href":"https:\/\/encuentroinformativo.com.mx\/index.php?rest_route=%2Fwp%2Fv2%2Fmedia&parent=44670"}],"wp:term":[{"taxonomy":"category","embeddable":true,"href":"https:\/\/encuentroinformativo.com.mx\/index.php?rest_route=%2Fwp%2Fv2%2Fcategories&post=44670"},{"taxonomy":"post_tag","embeddable":true,"href":"https:\/\/encuentroinformativo.com.mx\/index.php?rest_route=%2Fwp%2Fv2%2Ftags&post=44670"}],"curies":[{"name":"wp","href":"https:\/\/api.w.org\/{rel}","templated":true}]}}