{"id":44676,"date":"2023-09-02T13:40:23","date_gmt":"2023-09-02T19:40:23","guid":{"rendered":"https:\/\/encuentroinformativo.com.mx\/?p=44676"},"modified":"2023-09-02T13:42:06","modified_gmt":"2023-09-02T19:42:06","slug":"lenguas-indigenas-estan-en-riesgo-de-extincion-reconoce-inpi","status":"publish","type":"post","link":"https:\/\/encuentroinformativo.com.mx\/?p=44676","title":{"rendered":"Lenguas ind\u00edgenas est\u00e1n en riesgo de extinci\u00f3n, reconoce INPI"},"content":{"rendered":"\n<p><strong>Dar\u00edo Pale<\/strong><\/p>\n\n\n\n<p>Xalapa, Ver.- Magdalena Hern\u00e1ndez Hern\u00e1ndez titular de la oficina de Representaci\u00f3n del Instituto &nbsp;Nacional de los Pueblos Ind\u00edgenas (INPI) en Veracruz dio a conocer que, todas las lenguas ind\u00edgenas est\u00e1n en riesgo de extinci\u00f3n por la discriminaci\u00f3n hist\u00f3rica que ha existido, no s\u00f3lo en los m\u00e1s de 80 a\u00f1os, si no en los 500 a\u00f1os.<\/p>\n\n\n\n<p>En entrevista dijo que, los pueblos originarios siguen en la b\u00fasqueda de poder acceder a la informaci\u00f3n de las administraciones en el tema de los recursos p\u00fablicos que les corresponden para poder planear y programar su desarrollo.<\/p>\n\n\n\n<p>&#8220;Porque sino seguiremos siendo los hijos chiquitos de la nacional y seguir\u00e1n decidiendo por nosotros&#8221;, se\u00f1al\u00f3.<\/p>\n\n\n\n<p>En el tema educativo indic\u00f3 que se busca que los maestros en lenguas ind\u00edgenas est\u00e9n bien capacitados en lo que respecta la cultura para poder ejercer bien su trabajo as\u00ed tambi\u00e9n coment\u00f3 que todo cambio genera una resistencia esto al hablar de los nuevos libros de texto gratuitos que han causado gran pol\u00e9mica.<\/p>\n\n\n\n<p>Y es que record\u00f3 que hist\u00f3ricamente se les dan las plazas a docentes que no hablan la lengua ind\u00edgena ni conocen la cultura lo cual dificulta el aprendizaje en los alumnos.<\/p>\n\n\n\n<p>Dio a conocer que entre los avances que se han logrado dijo est\u00e1 la realizaci\u00f3n de caminos en donde toda la derrama econ\u00f3mica se queda en las mismas comunidades ind\u00edgenas, adem\u00e1s de capacitaci\u00f3n para personas int\u00e9rpretes.<\/p>\n\n\n\n<p>Dijo que desde el INPI est\u00e1n solicitando que las personas que se designen como docentes que conozcan la lengua, su cultura y que se designen de manera pertinente en los pueblos donde son originarios.<\/p>\n\n\n\n<p>Por \u00faltimo se\u00f1al\u00f3 que todas las lenguas est\u00e1n en riesgo de extinci\u00f3n por la discriminaci\u00f3n hist\u00f3rica que ha existido, por lo que est\u00e1n haciendo acciones para que se puedan reivindicar las lenguas ind\u00edgenas, hay avances pero no se puede dar cumplimiento en seis a\u00f1os, no s\u00f3lo a los m\u00e1s de 80 a\u00f1os si no a los casi 500 a\u00f1os de discriminaci\u00f3n hist\u00f3rica.<\/p>\n","protected":false},"excerpt":{"rendered":"<p>Dar\u00edo Pale Xalapa, Ver.- Magdalena Hern\u00e1ndez Hern\u00e1ndez titular de la oficina de Representaci\u00f3n del Instituto &nbsp;Nacional de los Pueblos Ind\u00edgenas (INPI) en Veracruz dio a conocer que, todas las lenguas ind\u00edgenas est\u00e1n en riesgo de extinci\u00f3n por la discriminaci\u00f3n hist\u00f3rica que ha existido, no s\u00f3lo en los m\u00e1s de 80 a\u00f1os, si no en los [&hellip;]<\/p>\n","protected":false},"author":2476,"featured_media":44679,"comment_status":"open","ping_status":"open","sticky":false,"template":"","format":"standard","meta":{"_jetpack_memberships_contains_paid_content":false,"footnotes":""},"categories":[2],"tags":[],"class_list":["post-44676","post","type-post","status-publish","format-standard","has-post-thumbnail","hentry","category-estado"],"jetpack_featured_media_url":"https:\/\/encuentroinformativo.com.mx\/wp-content\/uploads\/2023\/09\/Screenshot_20230902-1321312.png","jetpack_sharing_enabled":true,"jetpack_likes_enabled":true,"amp_enabled":true,"_links":{"self":[{"href":"https:\/\/encuentroinformativo.com.mx\/index.php?rest_route=\/wp\/v2\/posts\/44676","targetHints":{"allow":["GET"]}}],"collection":[{"href":"https:\/\/encuentroinformativo.com.mx\/index.php?rest_route=\/wp\/v2\/posts"}],"about":[{"href":"https:\/\/encuentroinformativo.com.mx\/index.php?rest_route=\/wp\/v2\/types\/post"}],"author":[{"embeddable":true,"href":"https:\/\/encuentroinformativo.com.mx\/index.php?rest_route=\/wp\/v2\/users\/2476"}],"replies":[{"embeddable":true,"href":"https:\/\/encuentroinformativo.com.mx\/index.php?rest_route=%2Fwp%2Fv2%2Fcomments&post=44676"}],"version-history":[{"count":2,"href":"https:\/\/encuentroinformativo.com.mx\/index.php?rest_route=\/wp\/v2\/posts\/44676\/revisions"}],"predecessor-version":[{"id":44680,"href":"https:\/\/encuentroinformativo.com.mx\/index.php?rest_route=\/wp\/v2\/posts\/44676\/revisions\/44680"}],"wp:featuredmedia":[{"embeddable":true,"href":"https:\/\/encuentroinformativo.com.mx\/index.php?rest_route=\/wp\/v2\/media\/44679"}],"wp:attachment":[{"href":"https:\/\/encuentroinformativo.com.mx\/index.php?rest_route=%2Fwp%2Fv2%2Fmedia&parent=44676"}],"wp:term":[{"taxonomy":"category","embeddable":true,"href":"https:\/\/encuentroinformativo.com.mx\/index.php?rest_route=%2Fwp%2Fv2%2Fcategories&post=44676"},{"taxonomy":"post_tag","embeddable":true,"href":"https:\/\/encuentroinformativo.com.mx\/index.php?rest_route=%2Fwp%2Fv2%2Ftags&post=44676"}],"curies":[{"name":"wp","href":"https:\/\/api.w.org\/{rel}","templated":true}]}}