{"id":44683,"date":"2023-09-02T13:53:17","date_gmt":"2023-09-02T19:53:17","guid":{"rendered":"https:\/\/encuentroinformativo.com.mx\/?p=44683"},"modified":"2023-09-02T13:53:25","modified_gmt":"2023-09-02T19:53:25","slug":"invitan-a-evento-fitness-mr-california","status":"publish","type":"post","link":"https:\/\/encuentroinformativo.com.mx\/?p=44683","title":{"rendered":"Invitan a evento fitness Mr. California"},"content":{"rendered":"\n<p><strong>Dar\u00edo Pale <\/strong><\/p>\n\n\n\n<p>Xalapa, Ver.- Invitan a la ciudadan\u00eda para que asistan y participen en la edici\u00f3n numero 21 del evento fitness \u201cCl\u00e1sico Mr. California 2023\u201d, el cual se realizar\u00e1 el pr\u00f3ximo 10 de septiembre a las 12:00 horas en el auditorio Iniciativa Municipal de Arte y Cultura (IMAC), donde esperan la participaci\u00f3n de 70 competidores en todas las categor\u00edas, as\u00ed lo dio a conocer organizador Sergio Aguilar.<\/p>\n\n\n\n<p>En conferencia de prensa la regidora s\u00e9ptima del Ayuntamiento de Xalapa, Mar\u00eda Guadalupe M\u00e1rquez Leonardo, indic\u00f3 que es muy importante apoyar las iniciativas del estado y a todos los deportistas que decidan sumarse a participar.\u00a0<\/p>\n\n\n\n<p>\u201cPara m\u00ed es un honor estar apoyando en estas competencias y por el trabajo que ha realizado por m\u00e1s de 20 a\u00f1os. El ayuntamiento est\u00e1 en la mejor disposici\u00f3n de apoyar a todos los deportistas que se suman a participar en este evento\u201d, se\u00f1al\u00f3.<\/p>\n\n\n\n<p>Sergio Aguilar se\u00f1al\u00f3 que, gracias al apoyo del Ayuntamiento de Xalapa, realizar\u00e1n la 21 edici\u00f3n nacional del evento fisicocontructivismo \u201cCl\u00e1sico Mr. California 2023\u201d, que se llevar\u00e1 a cabo el pr\u00f3ximo 10 de septiembre en el IMAC.<\/p>\n\n\n\n<p>Dio a conocer que desde hace 20 a\u00f1os se ha dedicado principalmente a seguir fomentando el deporte en los j\u00f3venes y adultos, as\u00ed como tambi\u00e9n a las infancias; pues asegur\u00f3 que a\u00f1o con a\u00f1o son m\u00e1s las personas interesadas en realizar esta actividad.\u00a0<\/p>\n\n\n\n<p>\u201cEste a\u00f1o ya lo estamos fomentando a nivel infantil para que los j\u00f3venes se vayan abriendo a este deporte, m\u00e1s vale deporte que vicios, por eso es que hemos incluido la categor\u00eda infantil. Cada d\u00eda se suman m\u00e1s a este deporte y el papel de nosotros es seguir foment\u00e1ndolo\u201d, dijo.<\/p>\n\n\n\n<p>Pues asegur\u00f3 que el evento contar\u00e1 con distintas categor\u00edas como: Infantil varonil y femenil, clasificados, bikini novatas, bikini clasificadas, weliness, veteranos, entre otras; por lo que esperan la participaci\u00f3n aproximadamente de 70 competidores en todas las categor\u00edas.<\/p>\n\n\n\n<p>Asimismo, se\u00f1al\u00f3 que la categor\u00eda infantil varonil y femenil \u00fanicamente estar\u00e1 abierta para ni\u00f1os de 12 a\u00f1os de edad, pues destac\u00f3 que tambi\u00e9n dependiendo las categor\u00edas y el lugar ganador ser\u00e1n acreedores a una premiaci\u00f3n.\u00a0<br>Finalmente dieron a conocer que para mayores informes podr\u00e1n comunicarse a trav\u00e9s del n\u00famero telef\u00f3nico (\u202a228 179 0000\u202c).<\/p>\n\n\n\n<figure class=\"wp-block-image size-large\"><img loading=\"lazy\" decoding=\"async\" width=\"1024\" height=\"664\" src=\"https:\/\/encuentroinformativo.com.mx\/wp-content\/uploads\/2023\/09\/IMG-20230902-WA0033-1024x664.jpg\" alt=\"\" class=\"wp-image-44684\" srcset=\"https:\/\/encuentroinformativo.com.mx\/wp-content\/uploads\/2023\/09\/IMG-20230902-WA0033-1024x664.jpg 1024w, https:\/\/encuentroinformativo.com.mx\/wp-content\/uploads\/2023\/09\/IMG-20230902-WA0033-300x194.jpg 300w, https:\/\/encuentroinformativo.com.mx\/wp-content\/uploads\/2023\/09\/IMG-20230902-WA0033-768x498.jpg 768w, https:\/\/encuentroinformativo.com.mx\/wp-content\/uploads\/2023\/09\/IMG-20230902-WA0033.jpg 1196w\" sizes=\"auto, (max-width: 1024px) 100vw, 1024px\" \/><\/figure>\n","protected":false},"excerpt":{"rendered":"<p>Dar\u00edo Pale Xalapa, Ver.- Invitan a la ciudadan\u00eda para que asistan y participen en la edici\u00f3n numero 21 del evento fitness \u201cCl\u00e1sico Mr. California 2023\u201d, el cual se realizar\u00e1 el pr\u00f3ximo 10 de septiembre a las 12:00 horas en el auditorio Iniciativa Municipal de Arte y Cultura (IMAC), donde esperan la participaci\u00f3n de 70 competidores [&hellip;]<\/p>\n","protected":false},"author":2476,"featured_media":44682,"comment_status":"open","ping_status":"open","sticky":false,"template":"","format":"standard","meta":{"_jetpack_memberships_contains_paid_content":false,"footnotes":""},"categories":[3],"tags":[],"class_list":["post-44683","post","type-post","status-publish","format-standard","has-post-thumbnail","hentry","category-xalapa"],"jetpack_featured_media_url":"https:\/\/encuentroinformativo.com.mx\/wp-content\/uploads\/2023\/09\/IMG-20230902-WA00322.jpg","jetpack_sharing_enabled":true,"jetpack_likes_enabled":true,"amp_enabled":true,"_links":{"self":[{"href":"https:\/\/encuentroinformativo.com.mx\/index.php?rest_route=\/wp\/v2\/posts\/44683","targetHints":{"allow":["GET"]}}],"collection":[{"href":"https:\/\/encuentroinformativo.com.mx\/index.php?rest_route=\/wp\/v2\/posts"}],"about":[{"href":"https:\/\/encuentroinformativo.com.mx\/index.php?rest_route=\/wp\/v2\/types\/post"}],"author":[{"embeddable":true,"href":"https:\/\/encuentroinformativo.com.mx\/index.php?rest_route=\/wp\/v2\/users\/2476"}],"replies":[{"embeddable":true,"href":"https:\/\/encuentroinformativo.com.mx\/index.php?rest_route=%2Fwp%2Fv2%2Fcomments&post=44683"}],"version-history":[{"count":1,"href":"https:\/\/encuentroinformativo.com.mx\/index.php?rest_route=\/wp\/v2\/posts\/44683\/revisions"}],"predecessor-version":[{"id":44685,"href":"https:\/\/encuentroinformativo.com.mx\/index.php?rest_route=\/wp\/v2\/posts\/44683\/revisions\/44685"}],"wp:featuredmedia":[{"embeddable":true,"href":"https:\/\/encuentroinformativo.com.mx\/index.php?rest_route=\/wp\/v2\/media\/44682"}],"wp:attachment":[{"href":"https:\/\/encuentroinformativo.com.mx\/index.php?rest_route=%2Fwp%2Fv2%2Fmedia&parent=44683"}],"wp:term":[{"taxonomy":"category","embeddable":true,"href":"https:\/\/encuentroinformativo.com.mx\/index.php?rest_route=%2Fwp%2Fv2%2Fcategories&post=44683"},{"taxonomy":"post_tag","embeddable":true,"href":"https:\/\/encuentroinformativo.com.mx\/index.php?rest_route=%2Fwp%2Fv2%2Ftags&post=44683"}],"curies":[{"name":"wp","href":"https:\/\/api.w.org\/{rel}","templated":true}]}}