{"id":44693,"date":"2023-09-03T16:27:31","date_gmt":"2023-09-03T22:27:31","guid":{"rendered":"https:\/\/encuentroinformativo.com.mx\/?p=44693"},"modified":"2023-09-03T16:27:35","modified_gmt":"2023-09-03T22:27:35","slug":"con-concentracion-respaldan-a-xochitl-galvez-en-xalapa","status":"publish","type":"post","link":"https:\/\/encuentroinformativo.com.mx\/?p=44693","title":{"rendered":"Con concentraci\u00f3n, respaldan a X\u00f3chitl G\u00e1lvez en Xalapa"},"content":{"rendered":"\n<p><strong>Juan Arcos <\/strong><\/p>\n\n\n\n<p>Xalapa, Ver.- Decenas de personas se concentraron en Plaza Sebasti\u00e1n Lerdo de Tejada, en la ciudad de Xalapa, en apoyo a X\u00f3chitl G\u00e1lvez Ruiz como coordinadora del Frente Amplio por M\u00e9xico (FAM).<\/p>\n\n\n\n<p>Se trata de simpatizantes del Partido Revolucionario Institucional (PRI), Partido Acci\u00f3n Nacional (PAN) y del Partido de la Revoluci\u00f3n Democr\u00e1tica (PRD), quienes se sumaron a las movilizaciones a nivel nacional este domingo 3 de septiembre.<\/p>\n\n\n\n<p>\u201c\u00a1X\u00f3chitl, presidenta!\u201d y \u201c\u00a1con X\u00f3chitl al frente no habr\u00e1 quien nos enfrente!\u201d, corearon una y otra vez sobre la escalinata de la Catedral, frente a Palacio de Gobierno, en el centro hist\u00f3rico de la capital veracruzana, donde se observ\u00f3 tambi\u00e9n a representantes del Frente Nacional por la Familia.<\/p>\n\n\n\n<p>En algunas de sus pancartas tambi\u00e9n se le\u00edan mensajes, como: X\u00f3chitl estamos contigo \u00a1t\u00fa s\u00ed eres la esperanza de M\u00e9xico!\u201d, \u201cX\u00f3chilt, Xalapa contigo\u201d y \u201cpor un M\u00e9xico mejor\u201d.<\/p>\n\n\n\n<p>Durante el evento, Monserrat Ortega, representante del PAN, indic\u00f3 que X\u00f3chitl G\u00e1lvez podr\u00eda dar soluciones a los graves problemas que enfrenta el pa\u00eds.<\/p>\n\n\n\n<p>Se observ\u00f3 a diversos l\u00edderes partidistas, entre ellos al dirigente estatal del PRI, Marlon Ram\u00edrez Mar\u00edn; al exalcalde de Xalapa, Am\u00e9rico Z\u00fa\u00f1iga Mart\u00ednez; al exdiputado local panista Sergio Hern\u00e1ndez Hern\u00e1ndez; y el representante del PRD, Manuel Bernal Rivera.<\/p>\n\n\n\n<p>La gente escuch\u00f3 parte del discurso de X\u00f3chilt G\u00e1lvez tras recibir la constancia como coordinadora del Frente Amplio por M\u00e9xico.<\/p>\n\n\n\n<p>Esto se realiz\u00f3 de manera simult\u00e1nea en los 300 distritos electorales del pa\u00eds, de los cuales 19 se encuentran en la entidad veracruzana.<\/p>\n\n\n\n<p>Las personas apoyan a X\u00f3chitl G\u00e1lvez como posible candidata de la oposici\u00f3n para la renovaci\u00f3n de la Presidencia de M\u00e9xico.<\/p>\n","protected":false},"excerpt":{"rendered":"<p>Juan Arcos Xalapa, Ver.- Decenas de personas se concentraron en Plaza Sebasti\u00e1n Lerdo de Tejada, en la ciudad de Xalapa, en apoyo a X\u00f3chitl G\u00e1lvez Ruiz como coordinadora del Frente Amplio por M\u00e9xico (FAM). Se trata de simpatizantes del Partido Revolucionario Institucional (PRI), Partido Acci\u00f3n Nacional (PAN) y del Partido de la Revoluci\u00f3n Democr\u00e1tica (PRD), [&hellip;]<\/p>\n","protected":false},"author":2476,"featured_media":44694,"comment_status":"open","ping_status":"open","sticky":false,"template":"","format":"standard","meta":{"_jetpack_memberships_contains_paid_content":false,"footnotes":""},"categories":[2],"tags":[],"class_list":["post-44693","post","type-post","status-publish","format-standard","has-post-thumbnail","hentry","category-estado"],"jetpack_featured_media_url":"https:\/\/encuentroinformativo.com.mx\/wp-content\/uploads\/2023\/09\/IMG_4191.jpg","jetpack_sharing_enabled":true,"jetpack_likes_enabled":true,"amp_enabled":true,"_links":{"self":[{"href":"https:\/\/encuentroinformativo.com.mx\/index.php?rest_route=\/wp\/v2\/posts\/44693","targetHints":{"allow":["GET"]}}],"collection":[{"href":"https:\/\/encuentroinformativo.com.mx\/index.php?rest_route=\/wp\/v2\/posts"}],"about":[{"href":"https:\/\/encuentroinformativo.com.mx\/index.php?rest_route=\/wp\/v2\/types\/post"}],"author":[{"embeddable":true,"href":"https:\/\/encuentroinformativo.com.mx\/index.php?rest_route=\/wp\/v2\/users\/2476"}],"replies":[{"embeddable":true,"href":"https:\/\/encuentroinformativo.com.mx\/index.php?rest_route=%2Fwp%2Fv2%2Fcomments&post=44693"}],"version-history":[{"count":1,"href":"https:\/\/encuentroinformativo.com.mx\/index.php?rest_route=\/wp\/v2\/posts\/44693\/revisions"}],"predecessor-version":[{"id":44695,"href":"https:\/\/encuentroinformativo.com.mx\/index.php?rest_route=\/wp\/v2\/posts\/44693\/revisions\/44695"}],"wp:featuredmedia":[{"embeddable":true,"href":"https:\/\/encuentroinformativo.com.mx\/index.php?rest_route=\/wp\/v2\/media\/44694"}],"wp:attachment":[{"href":"https:\/\/encuentroinformativo.com.mx\/index.php?rest_route=%2Fwp%2Fv2%2Fmedia&parent=44693"}],"wp:term":[{"taxonomy":"category","embeddable":true,"href":"https:\/\/encuentroinformativo.com.mx\/index.php?rest_route=%2Fwp%2Fv2%2Fcategories&post=44693"},{"taxonomy":"post_tag","embeddable":true,"href":"https:\/\/encuentroinformativo.com.mx\/index.php?rest_route=%2Fwp%2Fv2%2Ftags&post=44693"}],"curies":[{"name":"wp","href":"https:\/\/api.w.org\/{rel}","templated":true}]}}