{"id":44697,"date":"2023-09-03T16:31:51","date_gmt":"2023-09-03T22:31:51","guid":{"rendered":"https:\/\/encuentroinformativo.com.mx\/?p=44697"},"modified":"2023-09-03T16:31:55","modified_gmt":"2023-09-03T22:31:55","slug":"desestima-pri-ausencia-de-dirigencia-perredista-en-concentracion-del-frente-amplio","status":"publish","type":"post","link":"https:\/\/encuentroinformativo.com.mx\/?p=44697","title":{"rendered":"Desestima PRI ausencia de dirigencia perredista en concentraci\u00f3n del Frente Amplio"},"content":{"rendered":"\n<p><strong>Juan Arcos <\/strong><\/p>\n\n\n\n<p>Xalapa, Ver.- El dirigente del Partido Revolucionario Institucional (PRI) en Veracruz, Marlon Ram\u00edrez Mar\u00edn, minimiz\u00f3 la ausencia de Sergio Cadena Mart\u00ednez, l\u00edder del Partido de la Revoluci\u00f3n Democr\u00e1tica (PRD), en los \u00faltimos eventos del Frente Amplio por M\u00e9xico (FAM) que se han llevado a cabo en la entidad.<\/p>\n\n\n\n<p>Durante la concentraci\u00f3n en la ciudad de Xalapa a favor de X\u00f3chitl G\u00e1lvez Ruiz como coordinadora del FAM, el l\u00edder del tricolor justific\u00f3 que en los encuentros de la alianza no siempre deben estar presentes los dirigentes partidistas.<\/p>\n\n\n\n<p>\u201cLo que es importante tambi\u00e9n decir es que en el ejercicio de construcci\u00f3n no indispensablemente no tienen que ser los presidentes porque para eso somos estructuras organizadas y delegamos responsabilidades\u201d.<\/p>\n\n\n\n<p>Adem\u00e1s, asegur\u00f3 que ha estado en constante comunicaci\u00f3n con el Presidente del PRD en Veracruz, quien le coment\u00f3 que estuvo en otro distrito, encabezando la concentraci\u00f3n en apoyo a X\u00f3chitl G\u00e1lvez, al igual que Federico Salom\u00f3n Molina, dirigente estatal del PAN.<\/p>\n\n\n\n<p>\u201cTe quiero decir que tengo una conversaci\u00f3n con Sergio Cadena permanente, entiendo que \u00e9l, y as\u00ed lo hemos platicado, estuvo en otro punto, en otro distrito del estado, as\u00ed como yo le ped\u00ed a Renato Alarc\u00f3n que fuera a Papantla o Manuel Guerrero a P\u00e1nuco, porque lo que necesitamos es estar divididos en todo el territorio estatal\u201d.<\/p>\n\n\n\n<p>El Presidente del Sol Azteca en Veracruz se ausent\u00f3 en la conferencia de prensa del pasado 1 de septiembre para dar a conocer que el PRI, PAN y PRD apoyan a X\u00f3chitl G\u00e1lvez como coordinadora del Frente Amplio por M\u00e9xico.<\/p>\n\n\n\n<p>El dirigente del PRI record\u00f3 que la alianza est\u00e1 \u201cfirme\u201d en el contexto nacional y estatal, debido a las determinaciones y acuerdos que fueron validados por los comit\u00e9s nacionales.<\/p>\n\n\n\n<p>\u201cLas pl\u00e1ticas han sido permanentes con Sergio y Federico (dirigentes PRD y PAN, respectivamente). Es importante decir que una alianza de la importancia que es el gobierno de Veracruz tienen necesariamente la opini\u00f3n de los comit\u00e9s ejecutivos nacionales, en ese sentido, Marko Cort\u00e9s, Alejandro Moreno y Zambrano han estado conversando de c\u00f3mo vamos a hacer el proceso de construcci\u00f3n y aqu\u00ed en Veracruz tenemos permanente el di\u00e1logo porque adicionalmente a eso tenemos dos f\u00f3rmulas del senado, 19 diputaciones federales y 30 diputaciones locales\u201d, remat\u00f3.<\/p>\n","protected":false},"excerpt":{"rendered":"<p>Juan Arcos Xalapa, Ver.- El dirigente del Partido Revolucionario Institucional (PRI) en Veracruz, Marlon Ram\u00edrez Mar\u00edn, minimiz\u00f3 la ausencia de Sergio Cadena Mart\u00ednez, l\u00edder del Partido de la Revoluci\u00f3n Democr\u00e1tica (PRD), en los \u00faltimos eventos del Frente Amplio por M\u00e9xico (FAM) que se han llevado a cabo en la entidad. Durante la concentraci\u00f3n en la [&hellip;]<\/p>\n","protected":false},"author":2476,"featured_media":44698,"comment_status":"open","ping_status":"open","sticky":false,"template":"","format":"standard","meta":{"_jetpack_memberships_contains_paid_content":false,"footnotes":""},"categories":[2],"tags":[],"class_list":["post-44697","post","type-post","status-publish","format-standard","has-post-thumbnail","hentry","category-estado"],"jetpack_featured_media_url":"https:\/\/encuentroinformativo.com.mx\/wp-content\/uploads\/2023\/09\/IMG_4258.jpg","jetpack_sharing_enabled":true,"jetpack_likes_enabled":true,"amp_enabled":true,"_links":{"self":[{"href":"https:\/\/encuentroinformativo.com.mx\/index.php?rest_route=\/wp\/v2\/posts\/44697","targetHints":{"allow":["GET"]}}],"collection":[{"href":"https:\/\/encuentroinformativo.com.mx\/index.php?rest_route=\/wp\/v2\/posts"}],"about":[{"href":"https:\/\/encuentroinformativo.com.mx\/index.php?rest_route=\/wp\/v2\/types\/post"}],"author":[{"embeddable":true,"href":"https:\/\/encuentroinformativo.com.mx\/index.php?rest_route=\/wp\/v2\/users\/2476"}],"replies":[{"embeddable":true,"href":"https:\/\/encuentroinformativo.com.mx\/index.php?rest_route=%2Fwp%2Fv2%2Fcomments&post=44697"}],"version-history":[{"count":1,"href":"https:\/\/encuentroinformativo.com.mx\/index.php?rest_route=\/wp\/v2\/posts\/44697\/revisions"}],"predecessor-version":[{"id":44699,"href":"https:\/\/encuentroinformativo.com.mx\/index.php?rest_route=\/wp\/v2\/posts\/44697\/revisions\/44699"}],"wp:featuredmedia":[{"embeddable":true,"href":"https:\/\/encuentroinformativo.com.mx\/index.php?rest_route=\/wp\/v2\/media\/44698"}],"wp:attachment":[{"href":"https:\/\/encuentroinformativo.com.mx\/index.php?rest_route=%2Fwp%2Fv2%2Fmedia&parent=44697"}],"wp:term":[{"taxonomy":"category","embeddable":true,"href":"https:\/\/encuentroinformativo.com.mx\/index.php?rest_route=%2Fwp%2Fv2%2Fcategories&post=44697"},{"taxonomy":"post_tag","embeddable":true,"href":"https:\/\/encuentroinformativo.com.mx\/index.php?rest_route=%2Fwp%2Fv2%2Ftags&post=44697"}],"curies":[{"name":"wp","href":"https:\/\/api.w.org\/{rel}","templated":true}]}}