{"id":447,"date":"2020-03-05T21:45:35","date_gmt":"2020-03-05T21:45:35","guid":{"rendered":"https:\/\/encuentroinformativo.com\/?p=447"},"modified":"2020-03-05T21:45:35","modified_gmt":"2020-03-05T21:45:35","slug":"concluyen-inscripciones-para-diplomado-en-musica","status":"publish","type":"post","link":"https:\/\/encuentroinformativo.com.mx\/?p=447","title":{"rendered":"Concluyen inscripciones para diplomado en m\u00fasica"},"content":{"rendered":"\n<p><strong>Juan Arcos <\/strong><\/p>\n\n\n\n<p>Xalapa, Ver.- El pr\u00f3ximo 13 de marzo es la fecha l\u00edmite para inscribirse a los diplomados Danza Folkl\u00f3rica Mexicana y en M\u00fasica Folkl\u00f3rica que oferta la Direcci\u00f3n General de Difusi\u00f3n Cultural de la Universidad Veracruzana (UV).<\/p>\n\n\n\n<p>De acuerdo con M\u00f3nica Guerrero, coordinadora del Diplomado en M\u00fasica Folkl\u00f3rica, dicha preparaci\u00f3n acad\u00e9mica tiene valor curricular de 16 cr\u00e9ditos.\u00a0<br>Los diplomados se impartir\u00e1n en sesiones sabatinas del 21 de septiembre al 7 de diciembre en las instalaciones de Ju\u00e1rez n\u00famero 81, en la zona centro de Xalapa, y en el Centro de Estudios de Jazz (JazzUV).<\/p>\n\n\n\n<p>M\u00fasicos de la UV brindar\u00e1n al estudiante herramientas te\u00f3rico-pr\u00e1cticas que le permitan difundir y preservar las costumbres y tradiciones nacionales a trav\u00e9s de la m\u00fasica folkl\u00f3rica y de la danza folkl\u00f3rica mexicana.<\/p>\n\n\n\n<p>El Diplomado en M\u00fasica Folkl\u00f3rica est\u00e1 dividido en tres m\u00f3dulos: Son Jarocho, Son Huasteco y Mariachi.<\/p>\n\n\n\n<p>La invitaci\u00f3n est\u00e1 abierta a m\u00fasicos y p\u00fablico en general con habilidades en la ejecuci\u00f3n de viol\u00edn, arpa, jarana jarocha, jarana huasteca, huapanguera y vihuela, guitarra, bajos (guitarr\u00f3n, contrabajo, bajo ac\u00fastico, bajo el\u00e9ctrico) y voz; as\u00ed como ejecutantes y docentes de educaci\u00f3n art\u00edstica y musical, con edad m\u00ednima de 15 a\u00f1os, que cuenten con instrumento propio y tengan conocimientos b\u00e1sicos del g\u00e9nero a interpretar y de escritura musical.<\/p>\n\n\n\n<p>A su vez, el Diplomado en Danza folkl\u00f3rica mexicana est\u00e1 dirigido a bailarines y p\u00fablico general con habilidades en la ejecuci\u00f3n de la danza folkl\u00f3rica mexicana, con edad m\u00ednima de 18 a\u00f1os.<\/p>\n\n\n\n<p>Se divide en tres m\u00f3dulos: I. Son Huasteco, II. Son jalisciense y III Son jarocho.<\/p>\n\n\n\n<p>Cada diplomado tiene una cuota de recuperaci\u00f3n de 2 mil 500 pesos por m\u00f3dulo; sin embargo, si el pago se da en una sola exhibici\u00f3n, el costo es de 6 mil 500 pesos.\u00a0<br>Los interesados pueden comunicarse al tel\u00e9fono\u00a0(228) 842 17 00, extensi\u00f3n 17520.\u00a0<\/p>\n\n\n\n<p><\/p>\n\n\n\n<p><\/p>\n","protected":false},"excerpt":{"rendered":"<p>Juan Arcos Xalapa, Ver.- El pr\u00f3ximo 13 de marzo es la fecha l\u00edmite para inscribirse a los diplomados Danza Folkl\u00f3rica Mexicana y en M\u00fasica Folkl\u00f3rica que oferta la Direcci\u00f3n General de Difusi\u00f3n Cultural de la Universidad Veracruzana (UV). De acuerdo con M\u00f3nica Guerrero, coordinadora del Diplomado en M\u00fasica Folkl\u00f3rica, dicha preparaci\u00f3n acad\u00e9mica tiene valor curricular [&hellip;]<\/p>\n","protected":false},"author":1,"featured_media":448,"comment_status":"open","ping_status":"open","sticky":false,"template":"","format":"standard","meta":{"_jetpack_memberships_contains_paid_content":false,"footnotes":""},"categories":[3],"tags":[],"class_list":["post-447","post","type-post","status-publish","format-standard","has-post-thumbnail","hentry","category-xalapa"],"jetpack_featured_media_url":"https:\/\/encuentroinformativo.com.mx\/wp-content\/uploads\/2020\/03\/22C0EED1-E006-4BA5-852E-540174B7184C.jpeg","jetpack_sharing_enabled":true,"jetpack_likes_enabled":true,"amp_enabled":true,"_links":{"self":[{"href":"https:\/\/encuentroinformativo.com.mx\/index.php?rest_route=\/wp\/v2\/posts\/447","targetHints":{"allow":["GET"]}}],"collection":[{"href":"https:\/\/encuentroinformativo.com.mx\/index.php?rest_route=\/wp\/v2\/posts"}],"about":[{"href":"https:\/\/encuentroinformativo.com.mx\/index.php?rest_route=\/wp\/v2\/types\/post"}],"author":[{"embeddable":true,"href":"https:\/\/encuentroinformativo.com.mx\/index.php?rest_route=\/wp\/v2\/users\/1"}],"replies":[{"embeddable":true,"href":"https:\/\/encuentroinformativo.com.mx\/index.php?rest_route=%2Fwp%2Fv2%2Fcomments&post=447"}],"version-history":[{"count":1,"href":"https:\/\/encuentroinformativo.com.mx\/index.php?rest_route=\/wp\/v2\/posts\/447\/revisions"}],"predecessor-version":[{"id":449,"href":"https:\/\/encuentroinformativo.com.mx\/index.php?rest_route=\/wp\/v2\/posts\/447\/revisions\/449"}],"wp:featuredmedia":[{"embeddable":true,"href":"https:\/\/encuentroinformativo.com.mx\/index.php?rest_route=\/wp\/v2\/media\/448"}],"wp:attachment":[{"href":"https:\/\/encuentroinformativo.com.mx\/index.php?rest_route=%2Fwp%2Fv2%2Fmedia&parent=447"}],"wp:term":[{"taxonomy":"category","embeddable":true,"href":"https:\/\/encuentroinformativo.com.mx\/index.php?rest_route=%2Fwp%2Fv2%2Fcategories&post=447"},{"taxonomy":"post_tag","embeddable":true,"href":"https:\/\/encuentroinformativo.com.mx\/index.php?rest_route=%2Fwp%2Fv2%2Ftags&post=447"}],"curies":[{"name":"wp","href":"https:\/\/api.w.org\/{rel}","templated":true}]}}