{"id":4471,"date":"2020-07-28T13:43:51","date_gmt":"2020-07-28T18:43:51","guid":{"rendered":"https:\/\/encuentroinformativo.com\/?p=4471"},"modified":"2020-07-28T13:43:53","modified_gmt":"2020-07-28T18:43:53","slug":"trabajadores-cuestionan-retorno-de-actividades-a-la-uv","status":"publish","type":"post","link":"https:\/\/encuentroinformativo.com.mx\/?p=4471","title":{"rendered":"Trabajadores cuestionan retorno de actividades a la UV"},"content":{"rendered":"\n<p><strong>Juan Arcos <\/strong><\/p>\n\n\n\n<p>Xalapa, Ver.- Empleados de la Universidad Veracruzana (UV) denunciaron que los \u201clineamientos para el retorno de actividades\u201d son \u201cclasistas\u201d y atentan contra la vida del personal administrativo, de confianza, eventual, t\u00e9cnico y manual.<\/p>\n\n\n\n<p>Uno de ellos, de identidad resguardada, indic\u00f3 que los acad\u00e9micos regresar\u00edan a las aulas cuando el sem\u00e1foro est\u00e9 en verde por la pandemia del SARS-COV-2 (COVID-19).<\/p>\n\n\n\n<p>Sin embargo, los dem\u00e1s trabajadores deber\u00e1n regresar a sus espacios laborales cuando el sem\u00e1foro est\u00e9 en color naranja y a\u00fan haya riesgo de contagio.<\/p>\n\n\n\n<p>El entrevistado opin\u00f3 que los \u201clineamientos para el retorno de actividades\u201d establecidos por la rectora de la m\u00e1xima casa de estudios, Sara Ladr\u00f3n de Guevara Gonz\u00e1lez, muestran un sentido \u201cclasista\u201d en cuanto al valor de la vida.<\/p>\n\n\n\n<p>\u201cPara las autoridades universitarias, el valor a la vida evidencia su sentido clasista, como se han evidenciado en muchas de sus acciones cotidianas las autoridades de la UV, ya que de nuevo han dividido las clases sociales para esta situaci\u00f3n extraordinaria de pandemia, bien aventurados ser\u00e1n los acad\u00e9micos, que retornar\u00e1n a sus actividades cuando el sem\u00e1foro este en color verde, y pobres de los administrativos que lo deber\u00e1n hacer para sus actividades esenciales desde el color naranja, inmunes han de ser ellos. Muy cuestionable el valor que a la vida humana dan las autoridades de la m\u00e1xima casa de estudios del Estado de Veracruz\u201d.<\/p>\n\n\n\n<p>El trabajador de la UV record\u00f3 que desde el momento en que se pronunci\u00f3 en cuarentena la Universidad Veracruzana, el gremio administrativo y acad\u00e9mico ha trabajado arduamente desde casa, y lo ha hecho sin un plan de trabajo, por lo que no ha habido estrategias operativas para el trabajo coordinado desde casa, ni orientaci\u00f3n, ni apoyo, ni capacitaci\u00f3n en el uso de las tecnolog\u00edas de comunicaci\u00f3n y la informaci\u00f3n.<\/p>\n\n\n\n<p>\u201cLo que cualquier persona habr\u00eda esperado de una gran universidad como la Veracruzana, pero las autoridades han optado por no asumir ning\u00fan rol, ninguna direcci\u00f3n u orientaci\u00f3n, nos abandonaron a nuestra suerte\u201d.<\/p>\n\n\n\n<p>A\u00f1adi\u00f3 que la falta de un plan de trabajo durante la pandemia los ha hecho laborar sin horarios establecidos, en fines de semana, la mayor\u00eda con sus propios recursos (equipos, internet, electricidad, libros y m\u00e1s) y enfrentado nuevas situaciones en el hogar, como atender las clases en l\u00ednea de nuestros hijos.<\/p>\n\n\n\n<p>\u201cPero siempre atentos a las indicaciones y a nuestras obligaciones como servidores de la instituci\u00f3n, detr\u00e1s del trillado speech \u2018en la UV damos m\u00e1s\u2019 con el que no concuerdo y que el personal ha cargado por la evidente falta de planeaci\u00f3n que distingue a la presente administraci\u00f3n y nos permite reconocerla como desinteresada indiferente e insensible, y hasta d\u00e9spota respecto al personal\u201d, remat\u00f3.<\/p>\n\n\n\n<p><\/p>\n","protected":false},"excerpt":{"rendered":"<p>Juan Arcos Xalapa, Ver.- Empleados de la Universidad Veracruzana (UV) denunciaron que los \u201clineamientos para el retorno de actividades\u201d son \u201cclasistas\u201d y atentan contra la vida del personal administrativo, de confianza, eventual, t\u00e9cnico y manual. Uno de ellos, de identidad resguardada, indic\u00f3 que los acad\u00e9micos regresar\u00edan a las aulas cuando el sem\u00e1foro est\u00e9 en verde [&hellip;]<\/p>\n","protected":false},"author":1,"featured_media":4472,"comment_status":"open","ping_status":"open","sticky":false,"template":"","format":"standard","meta":{"_jetpack_memberships_contains_paid_content":false,"footnotes":""},"categories":[2],"tags":[],"class_list":["post-4471","post","type-post","status-publish","format-standard","has-post-thumbnail","hentry","category-estado"],"jetpack_featured_media_url":"https:\/\/encuentroinformativo.com.mx\/wp-content\/uploads\/2020\/07\/D67CCE1C-E28A-4F0A-8ADE-86FEFD4D80C7.jpeg","jetpack_sharing_enabled":true,"jetpack_likes_enabled":true,"amp_enabled":true,"_links":{"self":[{"href":"https:\/\/encuentroinformativo.com.mx\/index.php?rest_route=\/wp\/v2\/posts\/4471","targetHints":{"allow":["GET"]}}],"collection":[{"href":"https:\/\/encuentroinformativo.com.mx\/index.php?rest_route=\/wp\/v2\/posts"}],"about":[{"href":"https:\/\/encuentroinformativo.com.mx\/index.php?rest_route=\/wp\/v2\/types\/post"}],"author":[{"embeddable":true,"href":"https:\/\/encuentroinformativo.com.mx\/index.php?rest_route=\/wp\/v2\/users\/1"}],"replies":[{"embeddable":true,"href":"https:\/\/encuentroinformativo.com.mx\/index.php?rest_route=%2Fwp%2Fv2%2Fcomments&post=4471"}],"version-history":[{"count":1,"href":"https:\/\/encuentroinformativo.com.mx\/index.php?rest_route=\/wp\/v2\/posts\/4471\/revisions"}],"predecessor-version":[{"id":4473,"href":"https:\/\/encuentroinformativo.com.mx\/index.php?rest_route=\/wp\/v2\/posts\/4471\/revisions\/4473"}],"wp:featuredmedia":[{"embeddable":true,"href":"https:\/\/encuentroinformativo.com.mx\/index.php?rest_route=\/wp\/v2\/media\/4472"}],"wp:attachment":[{"href":"https:\/\/encuentroinformativo.com.mx\/index.php?rest_route=%2Fwp%2Fv2%2Fmedia&parent=4471"}],"wp:term":[{"taxonomy":"category","embeddable":true,"href":"https:\/\/encuentroinformativo.com.mx\/index.php?rest_route=%2Fwp%2Fv2%2Fcategories&post=4471"},{"taxonomy":"post_tag","embeddable":true,"href":"https:\/\/encuentroinformativo.com.mx\/index.php?rest_route=%2Fwp%2Fv2%2Ftags&post=4471"}],"curies":[{"name":"wp","href":"https:\/\/api.w.org\/{rel}","templated":true}]}}