{"id":44710,"date":"2023-09-04T10:15:58","date_gmt":"2023-09-04T16:15:58","guid":{"rendered":"https:\/\/encuentroinformativo.com.mx\/?p=44710"},"modified":"2023-09-04T10:16:03","modified_gmt":"2023-09-04T16:16:03","slug":"en-coordinacion-se-mantiene-vigilancia-en-cumbres-de-maltrata-ssp","status":"publish","type":"post","link":"https:\/\/encuentroinformativo.com.mx\/?p=44710","title":{"rendered":"En coordinaci\u00f3n se mantiene vigilancia en Cumbres de Maltrata: SSP"},"content":{"rendered":"\n<p><strong>Dar\u00edo Pale <\/strong><\/p>\n\n\n\n<p>Xalapa, Ver.- El titular de la Secretar\u00eda de Seguridad P\u00fablica (SSP), Cuauht\u00e9moc Z\u00fa\u00f1iga Bonilla dio a conocer que para las celebraciones de las fiestas patrias implementar\u00e1n varios dispositivos de seguridad en el estado.<\/p>\n\n\n\n<p>Entrevistado en el parque de Los Berros se\u00f1al\u00f3 que en cuanto a la vigilancia y recorridos que se realizan en Cumbres de Maltrata, ubicada en la zona centro de la entidad, donde se han reportado casos de asaltos en autopista, trabajan en coordinaci\u00f3n con la guardia nacional.<\/p>\n\n\n\n<p>&#8220;Hay una coordinaci\u00f3n muy estrecha con Guardia Nacional, ellos participan activamente en la Mesa para la Construcci\u00f3n de la Paz con el se\u00f1or Gobernador y en la Mesa hemos acordado reforzar esa zona, lo estamos haciendo, ahorita hay un dispositivo permanente en esa zona\u201d, se\u00f1al\u00f3.<\/p>\n\n\n\n<p>En otro orden de ideas coment\u00f3 que realizar\u00e1n operativos por las celebraciones de las fiestas patrias, las cuales son para garantizar que todas las actividades se desarrollen con suma tranquilidad y en orden.<\/p>\n\n\n\n<p>Los operativos especiales ser\u00e1n en coordinaci\u00f3n con la Secretar\u00eda de Marina Armada de M\u00e9xico (Semar), Secretar\u00eda de la Defensa Nacional (Sedena), Guardia Nacional, as\u00ed como con personal de la Fiscal\u00eda General del Estado (FGE) de Veracruz.<\/p>\n","protected":false},"excerpt":{"rendered":"<p>Dar\u00edo Pale Xalapa, Ver.- El titular de la Secretar\u00eda de Seguridad P\u00fablica (SSP), Cuauht\u00e9moc Z\u00fa\u00f1iga Bonilla dio a conocer que para las celebraciones de las fiestas patrias implementar\u00e1n varios dispositivos de seguridad en el estado. Entrevistado en el parque de Los Berros se\u00f1al\u00f3 que en cuanto a la vigilancia y recorridos que se realizan en [&hellip;]<\/p>\n","protected":false},"author":2476,"featured_media":44711,"comment_status":"open","ping_status":"open","sticky":false,"template":"","format":"standard","meta":{"_jetpack_memberships_contains_paid_content":false,"footnotes":""},"categories":[2],"tags":[],"class_list":["post-44710","post","type-post","status-publish","format-standard","has-post-thumbnail","hentry","category-estado"],"jetpack_featured_media_url":"https:\/\/encuentroinformativo.com.mx\/wp-content\/uploads\/2023\/09\/IMG-20230904-WA00152.jpg","jetpack_sharing_enabled":true,"jetpack_likes_enabled":true,"amp_enabled":true,"_links":{"self":[{"href":"https:\/\/encuentroinformativo.com.mx\/index.php?rest_route=\/wp\/v2\/posts\/44710","targetHints":{"allow":["GET"]}}],"collection":[{"href":"https:\/\/encuentroinformativo.com.mx\/index.php?rest_route=\/wp\/v2\/posts"}],"about":[{"href":"https:\/\/encuentroinformativo.com.mx\/index.php?rest_route=\/wp\/v2\/types\/post"}],"author":[{"embeddable":true,"href":"https:\/\/encuentroinformativo.com.mx\/index.php?rest_route=\/wp\/v2\/users\/2476"}],"replies":[{"embeddable":true,"href":"https:\/\/encuentroinformativo.com.mx\/index.php?rest_route=%2Fwp%2Fv2%2Fcomments&post=44710"}],"version-history":[{"count":1,"href":"https:\/\/encuentroinformativo.com.mx\/index.php?rest_route=\/wp\/v2\/posts\/44710\/revisions"}],"predecessor-version":[{"id":44712,"href":"https:\/\/encuentroinformativo.com.mx\/index.php?rest_route=\/wp\/v2\/posts\/44710\/revisions\/44712"}],"wp:featuredmedia":[{"embeddable":true,"href":"https:\/\/encuentroinformativo.com.mx\/index.php?rest_route=\/wp\/v2\/media\/44711"}],"wp:attachment":[{"href":"https:\/\/encuentroinformativo.com.mx\/index.php?rest_route=%2Fwp%2Fv2%2Fmedia&parent=44710"}],"wp:term":[{"taxonomy":"category","embeddable":true,"href":"https:\/\/encuentroinformativo.com.mx\/index.php?rest_route=%2Fwp%2Fv2%2Fcategories&post=44710"},{"taxonomy":"post_tag","embeddable":true,"href":"https:\/\/encuentroinformativo.com.mx\/index.php?rest_route=%2Fwp%2Fv2%2Ftags&post=44710"}],"curies":[{"name":"wp","href":"https:\/\/api.w.org\/{rel}","templated":true}]}}