{"id":44713,"date":"2023-09-04T11:11:18","date_gmt":"2023-09-04T17:11:18","guid":{"rendered":"https:\/\/encuentroinformativo.com.mx\/?p=44713"},"modified":"2023-09-04T11:11:22","modified_gmt":"2023-09-04T17:11:22","slug":"reclaman-antorchistas-atencion-a-pliego-petitorio-del-gobierno-estatal","status":"publish","type":"post","link":"https:\/\/encuentroinformativo.com.mx\/?p=44713","title":{"rendered":"Reclaman antorchistas atenci\u00f3n a pliego petitorio del gobierno estatal"},"content":{"rendered":"\n<p><strong>Dar\u00edo Pale <\/strong><\/p>\n\n\n\n<p>Xalapa, Ver.- Minerva Salcedo Baca, miembro de la direcci\u00f3n nacional del Movimiento Antorchista, dio a conocer que la marcha y manifestaci\u00f3n por las principales calles de Xalapa es para exigir que el gobierno de Veracruz atienda las peticiones que realizaron desde hace cuatro a\u00f1os.\u00a0<\/p>\n\n\n\n<p>En entrevista record\u00f3 que desde febrero de 2019 entregaron un pliego petitorio al gobernador Cuitl\u00e1huac Garc\u00eda en el que solicitaron obras y servicios para diversas colonias y comunidades.<\/p>\n\n\n\n<p>Afirm\u00f3 que en una reuni\u00f3n el mandatario estatal se comprometi\u00f3 a atender dichas peticiones en las que incluso se contempla la conclusi\u00f3n de centros de salud en municipios como Soteapan, Ayahualulco y Filomeno Mata, acusando al gobierno morenista de no invertir en ello y desviar los recursos para las campa\u00f1as de sus \u201ccorcholatas\u201d.<\/p>\n\n\n\n<p>&#8220;Se comprometi\u00f3 a que iba a atenderlas, iba a ir resolviendo. Y estamos a su \u00faltimo a\u00f1o de gobierno y de estas peticiones que debidamente le hicimos llegar por dependencia, colonia, comunidad, que son 780, no ha atendido nada&#8221;, se\u00f1al\u00f3.<\/p>\n\n\n\n<p>Finalmente, la actual regidora del ayuntamiento de Xalapa, reiter\u00f3 que la molestia de los antorchistas tambi\u00e9n se deriva de la falta de regularizaci\u00f3n y certeza jur\u00eddica hacia las familias afectadas por el incumplimiento de las obras.<\/p>\n\n\n\n<figure class=\"wp-block-image size-large\"><img loading=\"lazy\" decoding=\"async\" width=\"1024\" height=\"463\" src=\"https:\/\/encuentroinformativo.com.mx\/wp-content\/uploads\/2023\/09\/IMG-20230904-WA0038-1024x463.jpg\" alt=\"\" class=\"wp-image-44715\" srcset=\"https:\/\/encuentroinformativo.com.mx\/wp-content\/uploads\/2023\/09\/IMG-20230904-WA0038-1024x463.jpg 1024w, https:\/\/encuentroinformativo.com.mx\/wp-content\/uploads\/2023\/09\/IMG-20230904-WA0038-300x136.jpg 300w, https:\/\/encuentroinformativo.com.mx\/wp-content\/uploads\/2023\/09\/IMG-20230904-WA0038-768x347.jpg 768w, https:\/\/encuentroinformativo.com.mx\/wp-content\/uploads\/2023\/09\/IMG-20230904-WA0038-1536x694.jpg 1536w, https:\/\/encuentroinformativo.com.mx\/wp-content\/uploads\/2023\/09\/IMG-20230904-WA0038.jpg 1600w\" sizes=\"auto, (max-width: 1024px) 100vw, 1024px\" \/><\/figure>\n","protected":false},"excerpt":{"rendered":"<p>Dar\u00edo Pale Xalapa, Ver.- Minerva Salcedo Baca, miembro de la direcci\u00f3n nacional del Movimiento Antorchista, dio a conocer que la marcha y manifestaci\u00f3n por las principales calles de Xalapa es para exigir que el gobierno de Veracruz atienda las peticiones que realizaron desde hace cuatro a\u00f1os.\u00a0 En entrevista record\u00f3 que desde febrero de 2019 entregaron [&hellip;]<\/p>\n","protected":false},"author":2476,"featured_media":44714,"comment_status":"open","ping_status":"open","sticky":false,"template":"","format":"standard","meta":{"_jetpack_memberships_contains_paid_content":false,"footnotes":""},"categories":[3],"tags":[],"class_list":["post-44713","post","type-post","status-publish","format-standard","has-post-thumbnail","hentry","category-xalapa"],"jetpack_featured_media_url":"https:\/\/encuentroinformativo.com.mx\/wp-content\/uploads\/2023\/09\/IMG-20230904-WA0031.jpg","jetpack_sharing_enabled":true,"jetpack_likes_enabled":true,"amp_enabled":true,"_links":{"self":[{"href":"https:\/\/encuentroinformativo.com.mx\/index.php?rest_route=\/wp\/v2\/posts\/44713","targetHints":{"allow":["GET"]}}],"collection":[{"href":"https:\/\/encuentroinformativo.com.mx\/index.php?rest_route=\/wp\/v2\/posts"}],"about":[{"href":"https:\/\/encuentroinformativo.com.mx\/index.php?rest_route=\/wp\/v2\/types\/post"}],"author":[{"embeddable":true,"href":"https:\/\/encuentroinformativo.com.mx\/index.php?rest_route=\/wp\/v2\/users\/2476"}],"replies":[{"embeddable":true,"href":"https:\/\/encuentroinformativo.com.mx\/index.php?rest_route=%2Fwp%2Fv2%2Fcomments&post=44713"}],"version-history":[{"count":1,"href":"https:\/\/encuentroinformativo.com.mx\/index.php?rest_route=\/wp\/v2\/posts\/44713\/revisions"}],"predecessor-version":[{"id":44716,"href":"https:\/\/encuentroinformativo.com.mx\/index.php?rest_route=\/wp\/v2\/posts\/44713\/revisions\/44716"}],"wp:featuredmedia":[{"embeddable":true,"href":"https:\/\/encuentroinformativo.com.mx\/index.php?rest_route=\/wp\/v2\/media\/44714"}],"wp:attachment":[{"href":"https:\/\/encuentroinformativo.com.mx\/index.php?rest_route=%2Fwp%2Fv2%2Fmedia&parent=44713"}],"wp:term":[{"taxonomy":"category","embeddable":true,"href":"https:\/\/encuentroinformativo.com.mx\/index.php?rest_route=%2Fwp%2Fv2%2Fcategories&post=44713"},{"taxonomy":"post_tag","embeddable":true,"href":"https:\/\/encuentroinformativo.com.mx\/index.php?rest_route=%2Fwp%2Fv2%2Ftags&post=44713"}],"curies":[{"name":"wp","href":"https:\/\/api.w.org\/{rel}","templated":true}]}}