{"id":44717,"date":"2023-09-04T11:47:35","date_gmt":"2023-09-04T17:47:35","guid":{"rendered":"https:\/\/encuentroinformativo.com.mx\/?p=44717"},"modified":"2023-09-04T12:21:39","modified_gmt":"2023-09-04T18:21:39","slug":"manifestacion-real-de-triunfo-con-xochitl-rementeria","status":"publish","type":"post","link":"https:\/\/encuentroinformativo.com.mx\/?p=44717","title":{"rendered":"Manifestaci\u00f3n real de triunfo con X\u00f3chitl: Rementer\u00eda"},"content":{"rendered":"\n<p><strong>Alejandro \u00c1vila<\/strong><\/p>\n\n\n\n<p>Veracruz, Ver.- Tras haberle entregado la constancia como coordinadora del Frente Amplio Por M\u00e9xico a X\u00f3chitl G\u00e1lvez Ruiz, las manifestaciones a favor de la hidalguense este domingo, denotan que existe una gran posibilidad de que la oposici\u00f3n gane la presidencia de la rep\u00fablica en el 2024, mencion\u00f3 el Senador panista, Julen Rementeria al Puerto.<\/p>\n\n\n\n<p>El coordinador del Grupo Parlamentario del PAN en el Senado, dijo que a diferencia de hace 4 meses, la numerolog\u00eda que acarrea su compa\u00f1era panista, denota que incluso podr\u00eda ayudarles a ganar varias gubernaturas y curules federales.<\/p>\n\n\n\n<p>&#8220;Yo creo que hoy la situaci\u00f3n perfila 2024 con una muy amplia posibilidad, yo creo que podr\u00edamos decir con una posibiliidad real de ganar de la oposici\u00f3n en el 2024. \u00bfHay que trabajar?, s\u00ed, seguro que s\u00ed. \u00bfHay que seguir entusiasmando a la gente?, Por supuesto que s\u00ed, pero hoy est\u00e1n las posibilidades de poderlo hacer sin ninguna duda. Me parece a m\u00ed que hoy no solamente va a ayudar a ganar la presidencia de la rep\u00fablica, va a ayudar a ganar muchas de las 9 gubernaturas que est\u00e1n en juego, muchas de las 300 diputados federales que se tendr\u00e1n que elegir, y seguramente muchos de los Senadores en los diferentes estados del pa\u00eds que se tienen que elegir&#8221;, puntualiz\u00f3.<\/p>\n\n\n\n<p>Julen Rementeria mencion\u00f3 que parte importante de su crecimiento, se debi\u00f3 a que nunca denost\u00f3 a sus competidores, al contrario&nbsp; se enfoc\u00f3 en crear una propuesta con base en las necesidades de la ciudadan\u00eda.<\/p>\n\n\n\n<p>Finalmente, el veracruzano dijo que todo aquel perteneciente al Frente Amplio Por M\u00e9xico est\u00e1 consciente de que Gobierno Federal buscar\u00e1 el golpeteo pol\u00edtico, motivo por el cual ya prepararon una contenci\u00f3n para encarar los ataques hacia sus candidatos y proyectos.<\/p>\n\n\n\n<p class=\"has-text-align-center\"><strong>Confirma Participaci\u00f3n en Frente Amplio por Veracruz<\/strong><\/p>\n\n\n\n<p>El Senador, Julen Rementer\u00eda del Puerto, se\u00f1al\u00f3 que estar\u00e1 pendiente de las reuniones que se sostendr\u00e1n para conformar el Frente Amplio por Veracruz, pues espera conocer las reglas y eventualmente participar.<\/p>\n\n\n\n<p>El panista veracruzano, no espec\u00edfico si como aspirante a la gubernatura; sin embargo, dijo que aportar\u00e1 su trabajo para llevar a buen destino las elecciones en Veracruz y a nivel Federal.<\/p>\n\n\n\n<p>&#8220;Pues mira, yo voy a participar en todas las reuniones a las que sea convocado, buscar\u00e9 enterarme de las reuniones que se den aqu\u00ed y en la Ciudad de M\u00e9xico para poder participar, para poder conocer las reglas y eventualmente participar. Ahora no tengo la fecha exacta, no he o\u00eddo yo, ni le\u00eddo que sea una fecha en noviembre, exactamente tal d\u00eda de la semana, tal hora, no, cuando tenga que ser ser\u00e1, me imagino que habr\u00e1 reuniones, habr\u00e1 juntas preparatorias para poderlo lograrlo y pues ah\u00ed estaremos pendientes&#8221;, enfatiz\u00f3.<\/p>\n\n\n\n<p>De manera extraoficial se ha podido conocer que, en la \u00faltima semana del mes de noviembre se podr\u00e1 conocer el candidato de la oposici\u00f3n a la gubernatura de Veracruz; aunque los presuntos interesados han decidido guardar silencio durante los \u00faltimos d\u00edas.<\/p>\n","protected":false},"excerpt":{"rendered":"<p>Alejandro \u00c1vila Veracruz, Ver.- Tras haberle entregado la constancia como coordinadora del Frente Amplio Por M\u00e9xico a X\u00f3chitl G\u00e1lvez Ruiz, las manifestaciones a favor de la hidalguense este domingo, denotan que existe una gran posibilidad de que la oposici\u00f3n gane la presidencia de la rep\u00fablica en el 2024, mencion\u00f3 el Senador panista, Julen Rementeria al [&hellip;]<\/p>\n","protected":false},"author":2476,"featured_media":44718,"comment_status":"open","ping_status":"open","sticky":false,"template":"","format":"standard","meta":{"_jetpack_memberships_contains_paid_content":false,"footnotes":""},"categories":[12],"tags":[],"class_list":["post-44717","post","type-post","status-publish","format-standard","has-post-thumbnail","hentry","category-nacional"],"jetpack_featured_media_url":"https:\/\/encuentroinformativo.com.mx\/wp-content\/uploads\/2023\/09\/IMG-20230904-WA0053.jpg","jetpack_sharing_enabled":true,"jetpack_likes_enabled":true,"amp_enabled":true,"_links":{"self":[{"href":"https:\/\/encuentroinformativo.com.mx\/index.php?rest_route=\/wp\/v2\/posts\/44717","targetHints":{"allow":["GET"]}}],"collection":[{"href":"https:\/\/encuentroinformativo.com.mx\/index.php?rest_route=\/wp\/v2\/posts"}],"about":[{"href":"https:\/\/encuentroinformativo.com.mx\/index.php?rest_route=\/wp\/v2\/types\/post"}],"author":[{"embeddable":true,"href":"https:\/\/encuentroinformativo.com.mx\/index.php?rest_route=\/wp\/v2\/users\/2476"}],"replies":[{"embeddable":true,"href":"https:\/\/encuentroinformativo.com.mx\/index.php?rest_route=%2Fwp%2Fv2%2Fcomments&post=44717"}],"version-history":[{"count":2,"href":"https:\/\/encuentroinformativo.com.mx\/index.php?rest_route=\/wp\/v2\/posts\/44717\/revisions"}],"predecessor-version":[{"id":44721,"href":"https:\/\/encuentroinformativo.com.mx\/index.php?rest_route=\/wp\/v2\/posts\/44717\/revisions\/44721"}],"wp:featuredmedia":[{"embeddable":true,"href":"https:\/\/encuentroinformativo.com.mx\/index.php?rest_route=\/wp\/v2\/media\/44718"}],"wp:attachment":[{"href":"https:\/\/encuentroinformativo.com.mx\/index.php?rest_route=%2Fwp%2Fv2%2Fmedia&parent=44717"}],"wp:term":[{"taxonomy":"category","embeddable":true,"href":"https:\/\/encuentroinformativo.com.mx\/index.php?rest_route=%2Fwp%2Fv2%2Fcategories&post=44717"},{"taxonomy":"post_tag","embeddable":true,"href":"https:\/\/encuentroinformativo.com.mx\/index.php?rest_route=%2Fwp%2Fv2%2Ftags&post=44717"}],"curies":[{"name":"wp","href":"https:\/\/api.w.org\/{rel}","templated":true}]}}