{"id":44722,"date":"2023-09-04T12:24:55","date_gmt":"2023-09-04T18:24:55","guid":{"rendered":"https:\/\/encuentroinformativo.com.mx\/?p=44722"},"modified":"2023-09-04T12:25:00","modified_gmt":"2023-09-04T18:25:00","slug":"inician-sindicalizados-huelga-de-hambre-afuera-de-la-sev","status":"publish","type":"post","link":"https:\/\/encuentroinformativo.com.mx\/?p=44722","title":{"rendered":"Inician sindicalizados huelga de hambre afuera de la SEV"},"content":{"rendered":"\n<p><strong>Juan Arcos <\/strong><\/p>\n\n\n\n<p>Xalapa, Ver.- Integrantes del Sindicato del Movimiento Magisterial Veracruzano (SMMV) protestaron afuera de las oficinas centrales de la Secretar\u00eda de Educaci\u00f3n de Veracruz (SEV) donde iniciaron una huelga de hambre para que sean atendidas las necesidades principales de los docentes y jubilados.<\/p>\n\n\n\n<p>El secretario general de este sindicato, Gustavo Abel Cadena Carrasco, exigi\u00f3 los tr\u00e1mites y gestiones del Congreso local para presentar iniciativas de ley que respondan a las necesidades del magisterio.<\/p>\n\n\n\n<p>En ese sentido, reclamaron la desaparici\u00f3n de la Unidad de Medida de Actualizaci\u00f3n (UMA) y exigieron el pago de sus jubilaciones en salarios m\u00ednimos.<\/p>\n\n\n\n<p>Tambi\u00e9n pidieron salario profesional para todos los decentes, la desaparici\u00f3n de las zonas econ\u00f3micas del 60 por ciento, la creaci\u00f3n de un nuevo organismo para la promoci\u00f3n del magisterio, infraestructura integral en todas las escuelas, mejor atenci\u00f3n en el IMSS e ISSSTE, liberaci\u00f3n a los docentes frente a grupo del exceso de carga administrativa y documental.<\/p>\n\n\n\n<p>Adem\u00e1s demandaron la basificaci\u00f3n inmediata despu\u00e9s de seis meses con un d\u00eda de los docentes de nuevo ingreso y el pago del seguro institucional que se adeuda desde el a\u00f1o 2010.<\/p>\n\n\n\n<p>\u201cSe invita a todos los secretarios generales, profesores y jubilados a analizar las peticiones y exigencias antes expuestas que pueden hacerlas suyas e incrementar las exigencias, demandas y propuestas, ya que al final nos benefician a todos los docentes, no es un asunto de quien toma la iniciativa ni de egos, ni de intereses mezquinos, ni de intereses pol\u00edticos\u201d, expres\u00f3 Cadena Carrasco.<\/p>\n\n\n\n<p>Los sindicalizados amagaron con permanecer en el plant\u00f3n y la huelga de hambre hasta ser atendidos por autoridades educativas.<\/p>\n\n\n\n<p>\u201cExigimos la Atenci\u00f3n y Resoluci\u00f3n Inmediata del Pliego Petitorio de nuestro Sindicato. Los cauces legales e iniciativas de Ley de los Diputados locales para establecer y validar los decretos que favorecen al magisterio, como la desaparici\u00f3n de la zona del 60 por ciento y que todos los docentes recibamos salario del 100 por ciento, y establecer el salario profesional de todos los docentes en Veracruz. No m\u00e1s Profesores de primera ni de quinta\u201d, increparon.<\/p>\n\n\n\n<figure class=\"wp-block-image size-large\"><img loading=\"lazy\" decoding=\"async\" width=\"1024\" height=\"768\" src=\"https:\/\/encuentroinformativo.com.mx\/wp-content\/uploads\/2023\/09\/03b54d34-886c-489f-81f3-6d1029f11faf-1024x768.jpg\" alt=\"\" class=\"wp-image-44724\" srcset=\"https:\/\/encuentroinformativo.com.mx\/wp-content\/uploads\/2023\/09\/03b54d34-886c-489f-81f3-6d1029f11faf-1024x768.jpg 1024w, https:\/\/encuentroinformativo.com.mx\/wp-content\/uploads\/2023\/09\/03b54d34-886c-489f-81f3-6d1029f11faf-300x225.jpg 300w, https:\/\/encuentroinformativo.com.mx\/wp-content\/uploads\/2023\/09\/03b54d34-886c-489f-81f3-6d1029f11faf-768x576.jpg 768w, https:\/\/encuentroinformativo.com.mx\/wp-content\/uploads\/2023\/09\/03b54d34-886c-489f-81f3-6d1029f11faf.jpg 1408w\" sizes=\"auto, (max-width: 1024px) 100vw, 1024px\" \/><\/figure>\n","protected":false},"excerpt":{"rendered":"<p>Juan Arcos Xalapa, Ver.- Integrantes del Sindicato del Movimiento Magisterial Veracruzano (SMMV) protestaron afuera de las oficinas centrales de la Secretar\u00eda de Educaci\u00f3n de Veracruz (SEV) donde iniciaron una huelga de hambre para que sean atendidas las necesidades principales de los docentes y jubilados. El secretario general de este sindicato, Gustavo Abel Cadena Carrasco, exigi\u00f3 [&hellip;]<\/p>\n","protected":false},"author":2476,"featured_media":44723,"comment_status":"open","ping_status":"open","sticky":false,"template":"","format":"standard","meta":{"_jetpack_memberships_contains_paid_content":false,"footnotes":""},"categories":[2],"tags":[],"class_list":["post-44722","post","type-post","status-publish","format-standard","has-post-thumbnail","hentry","category-estado"],"jetpack_featured_media_url":"https:\/\/encuentroinformativo.com.mx\/wp-content\/uploads\/2023\/09\/0b8c8654-8cc4-4446-b98d-880393c23c04.jpg","jetpack_sharing_enabled":true,"jetpack_likes_enabled":true,"amp_enabled":true,"_links":{"self":[{"href":"https:\/\/encuentroinformativo.com.mx\/index.php?rest_route=\/wp\/v2\/posts\/44722","targetHints":{"allow":["GET"]}}],"collection":[{"href":"https:\/\/encuentroinformativo.com.mx\/index.php?rest_route=\/wp\/v2\/posts"}],"about":[{"href":"https:\/\/encuentroinformativo.com.mx\/index.php?rest_route=\/wp\/v2\/types\/post"}],"author":[{"embeddable":true,"href":"https:\/\/encuentroinformativo.com.mx\/index.php?rest_route=\/wp\/v2\/users\/2476"}],"replies":[{"embeddable":true,"href":"https:\/\/encuentroinformativo.com.mx\/index.php?rest_route=%2Fwp%2Fv2%2Fcomments&post=44722"}],"version-history":[{"count":1,"href":"https:\/\/encuentroinformativo.com.mx\/index.php?rest_route=\/wp\/v2\/posts\/44722\/revisions"}],"predecessor-version":[{"id":44725,"href":"https:\/\/encuentroinformativo.com.mx\/index.php?rest_route=\/wp\/v2\/posts\/44722\/revisions\/44725"}],"wp:featuredmedia":[{"embeddable":true,"href":"https:\/\/encuentroinformativo.com.mx\/index.php?rest_route=\/wp\/v2\/media\/44723"}],"wp:attachment":[{"href":"https:\/\/encuentroinformativo.com.mx\/index.php?rest_route=%2Fwp%2Fv2%2Fmedia&parent=44722"}],"wp:term":[{"taxonomy":"category","embeddable":true,"href":"https:\/\/encuentroinformativo.com.mx\/index.php?rest_route=%2Fwp%2Fv2%2Fcategories&post=44722"},{"taxonomy":"post_tag","embeddable":true,"href":"https:\/\/encuentroinformativo.com.mx\/index.php?rest_route=%2Fwp%2Fv2%2Ftags&post=44722"}],"curies":[{"name":"wp","href":"https:\/\/api.w.org\/{rel}","templated":true}]}}