{"id":44732,"date":"2023-09-04T14:10:09","date_gmt":"2023-09-04T20:10:09","guid":{"rendered":"https:\/\/encuentroinformativo.com.mx\/?p=44732"},"modified":"2023-09-04T14:10:13","modified_gmt":"2023-09-04T20:10:13","slug":"por-uso-partidista-retira-dif-ambulancia-a-miahuatlan","status":"publish","type":"post","link":"https:\/\/encuentroinformativo.com.mx\/?p=44732","title":{"rendered":"Por uso partidista, retira DIF ambulancia a Miahuatl\u00e1n"},"content":{"rendered":"\n<p><strong>Dar\u00edo Pale <\/strong><\/p>\n\n\n\n<p>Xalapa, Ver.- La directora del DIF estatal, Rebeca Quintanar Barcel\u00f3 dio a conocer que por hacer uso partidista, le retira la ambulancia a Miahuatl\u00e1n, y las autoridades municipales deben explicar por qu\u00e9 la usaron para ir a ver a Sheinbaum.<\/p>\n\n\n\n<p>En entrevista confirmo que le fue retirada la ambulancia al Ayuntamiento de Miahuatl\u00e1n, asignada al DIF municipal, luego de que la unidad fuera usada para un evento partidista de Morena por la visita de Claudia Sheinbaum a Xalapa.<\/p>\n\n\n\n<p>&#8220;Nosotros ya les hicimos la sanci\u00f3n correspondiente, se les retira la camioneta hasta que ellos nos den una explicaci\u00f3n l\u00f3gica&#8221;, se\u00f1al\u00f3.<\/p>\n\n\n\n<p>Si bien dijo que la medida no le gusta porque le quitan a las personas con discapacidad la oportunidad de recibir una terapia, tambi\u00e9n coment\u00f3 que las autoridades municipales tienen un plazo para explicar por qu\u00e9 la utilizaron para un evento pol\u00edtico partidista.\u00a0<\/p>\n\n\n\n<p>&#8220;Estamos esperando nosotros, porque tambi\u00e9n nos lleg\u00f3 un requerimiento, pero, como ustedes saben, nosotros la damos en comodato y lo que hacen los DIF municipales es responsabilidad de ellos&#8221;, coment\u00f3.<\/p>\n\n\n\n<p>La funcionaria del organismo asistencial manifest\u00f3 que las autoridades de Miahuatl\u00e1n deben enviar una justificaci\u00f3n aceptable para poder devolv\u00e9rselas.<\/p>\n\n\n\n<p>La directora general dijo que de no obtener esa respuesta, ya no se les devolver\u00eda.<\/p>\n\n\n\n<p>Finalmente inform\u00f3 que, &#8220;por eso reitero, estamos viendo c\u00f3mo resolver el tema, para no dejar a las personas con discapacidad sin la ayuda&#8221;.<\/p>\n","protected":false},"excerpt":{"rendered":"<p>Dar\u00edo Pale Xalapa, Ver.- La directora del DIF estatal, Rebeca Quintanar Barcel\u00f3 dio a conocer que por hacer uso partidista, le retira la ambulancia a Miahuatl\u00e1n, y las autoridades municipales deben explicar por qu\u00e9 la usaron para ir a ver a Sheinbaum. En entrevista confirmo que le fue retirada la ambulancia al Ayuntamiento de Miahuatl\u00e1n, [&hellip;]<\/p>\n","protected":false},"author":2476,"featured_media":44733,"comment_status":"open","ping_status":"open","sticky":false,"template":"","format":"standard","meta":{"_jetpack_memberships_contains_paid_content":false,"footnotes":""},"categories":[2],"tags":[],"class_list":["post-44732","post","type-post","status-publish","format-standard","has-post-thumbnail","hentry","category-estado"],"jetpack_featured_media_url":"https:\/\/encuentroinformativo.com.mx\/wp-content\/uploads\/2023\/09\/IMG-20230904-WA00792.jpg","jetpack_sharing_enabled":true,"jetpack_likes_enabled":true,"amp_enabled":true,"_links":{"self":[{"href":"https:\/\/encuentroinformativo.com.mx\/index.php?rest_route=\/wp\/v2\/posts\/44732","targetHints":{"allow":["GET"]}}],"collection":[{"href":"https:\/\/encuentroinformativo.com.mx\/index.php?rest_route=\/wp\/v2\/posts"}],"about":[{"href":"https:\/\/encuentroinformativo.com.mx\/index.php?rest_route=\/wp\/v2\/types\/post"}],"author":[{"embeddable":true,"href":"https:\/\/encuentroinformativo.com.mx\/index.php?rest_route=\/wp\/v2\/users\/2476"}],"replies":[{"embeddable":true,"href":"https:\/\/encuentroinformativo.com.mx\/index.php?rest_route=%2Fwp%2Fv2%2Fcomments&post=44732"}],"version-history":[{"count":1,"href":"https:\/\/encuentroinformativo.com.mx\/index.php?rest_route=\/wp\/v2\/posts\/44732\/revisions"}],"predecessor-version":[{"id":44734,"href":"https:\/\/encuentroinformativo.com.mx\/index.php?rest_route=\/wp\/v2\/posts\/44732\/revisions\/44734"}],"wp:featuredmedia":[{"embeddable":true,"href":"https:\/\/encuentroinformativo.com.mx\/index.php?rest_route=\/wp\/v2\/media\/44733"}],"wp:attachment":[{"href":"https:\/\/encuentroinformativo.com.mx\/index.php?rest_route=%2Fwp%2Fv2%2Fmedia&parent=44732"}],"wp:term":[{"taxonomy":"category","embeddable":true,"href":"https:\/\/encuentroinformativo.com.mx\/index.php?rest_route=%2Fwp%2Fv2%2Fcategories&post=44732"},{"taxonomy":"post_tag","embeddable":true,"href":"https:\/\/encuentroinformativo.com.mx\/index.php?rest_route=%2Fwp%2Fv2%2Ftags&post=44732"}],"curies":[{"name":"wp","href":"https:\/\/api.w.org\/{rel}","templated":true}]}}