{"id":4474,"date":"2020-07-28T14:11:01","date_gmt":"2020-07-28T19:11:01","guid":{"rendered":"https:\/\/encuentroinformativo.com\/?p=4474"},"modified":"2020-07-28T14:11:03","modified_gmt":"2020-07-28T19:11:03","slug":"hay-casos-de-contagios-en-dif-xalapa-acusan-trabajadores","status":"publish","type":"post","link":"https:\/\/encuentroinformativo.com.mx\/?p=4474","title":{"rendered":"Hay casos de contagios en DIF Xalapa, acusan trabajadores"},"content":{"rendered":"\n<p><strong>Redacci\u00f3n<\/strong><\/p>\n\n\n\n<p>Xalapa, Ver. &#8211; Trabajadores del Sistema para el Desarrollo Integral de la Familia (DIF) Xalapa, denuncian que al interior del organismo ya se registraron dos casos positivos de COVID-19, uno en el \u00e1rea de Recursos Humanos y otro en Servicios Generales.<\/p>\n\n\n\n<p>Lamentaron que el director del organismo asistencial Eduardo Maggio Chena, no d\u00e9 prioridad a la salud de su personal, ya que son cerca de 18 trabajadores los que tuvieron contacto directo con las personas que resultaron positivas a SARS-CoV-2 y no respet\u00f3 los protocolos de salud.<\/p>\n\n\n\n<p>\u201cOrden\u00f3 el aislamiento solo por ocho d\u00edas a la mitad del personal que estuvo expuesto, cuando el protocolo que marca la Secretaria de Salud son 15 d\u00edas, para evitar as\u00ed la propagaci\u00f3n del virus\u201d, destac\u00f3 un trabajador, quien pidi\u00f3 estar en el anonimato por miedo a represalias. <\/p>\n\n\n\n<p>Destac\u00f3 que existe temor al interior del DIF Municipal, incertidumbre porque tambi\u00e9n se report\u00f3 un caso sospechoso en el \u00c1rea Educativa del organismo y hasta el momento no se han aplicado las medidas correspondientes. <\/p>\n\n\n\n<p>Por lo anterior pidieron a las autoridades de la Secretar\u00eda de Salud verifique que las medidas de sanidad se est\u00e9n respetando, ya que en el DIF se atienden a adultos mayores quienes son susceptibles al contagio y no se tiene certeza si de las personas que tuvieron contacto con los casos positivos pueden tener el virus.<\/p>\n\n\n\n<p>Foto: Redes Sociales <\/p>\n","protected":false},"excerpt":{"rendered":"<p>Redacci\u00f3n Xalapa, Ver. &#8211; Trabajadores del Sistema para el Desarrollo Integral de la Familia (DIF) Xalapa, denuncian que al interior del organismo ya se registraron dos casos positivos de COVID-19, uno en el \u00e1rea de Recursos Humanos y otro en Servicios Generales. Lamentaron que el director del organismo asistencial Eduardo Maggio Chena, no d\u00e9 prioridad [&hellip;]<\/p>\n","protected":false},"author":1,"featured_media":4475,"comment_status":"open","ping_status":"open","sticky":false,"template":"","format":"standard","meta":{"_jetpack_memberships_contains_paid_content":false,"footnotes":""},"categories":[3],"tags":[],"class_list":["post-4474","post","type-post","status-publish","format-standard","has-post-thumbnail","hentry","category-xalapa"],"jetpack_featured_media_url":"https:\/\/encuentroinformativo.com.mx\/wp-content\/uploads\/2020\/07\/0B1218FF-2C22-4466-AFF7-B5155123C008.jpeg","jetpack_sharing_enabled":true,"jetpack_likes_enabled":true,"amp_enabled":true,"_links":{"self":[{"href":"https:\/\/encuentroinformativo.com.mx\/index.php?rest_route=\/wp\/v2\/posts\/4474","targetHints":{"allow":["GET"]}}],"collection":[{"href":"https:\/\/encuentroinformativo.com.mx\/index.php?rest_route=\/wp\/v2\/posts"}],"about":[{"href":"https:\/\/encuentroinformativo.com.mx\/index.php?rest_route=\/wp\/v2\/types\/post"}],"author":[{"embeddable":true,"href":"https:\/\/encuentroinformativo.com.mx\/index.php?rest_route=\/wp\/v2\/users\/1"}],"replies":[{"embeddable":true,"href":"https:\/\/encuentroinformativo.com.mx\/index.php?rest_route=%2Fwp%2Fv2%2Fcomments&post=4474"}],"version-history":[{"count":1,"href":"https:\/\/encuentroinformativo.com.mx\/index.php?rest_route=\/wp\/v2\/posts\/4474\/revisions"}],"predecessor-version":[{"id":4476,"href":"https:\/\/encuentroinformativo.com.mx\/index.php?rest_route=\/wp\/v2\/posts\/4474\/revisions\/4476"}],"wp:featuredmedia":[{"embeddable":true,"href":"https:\/\/encuentroinformativo.com.mx\/index.php?rest_route=\/wp\/v2\/media\/4475"}],"wp:attachment":[{"href":"https:\/\/encuentroinformativo.com.mx\/index.php?rest_route=%2Fwp%2Fv2%2Fmedia&parent=4474"}],"wp:term":[{"taxonomy":"category","embeddable":true,"href":"https:\/\/encuentroinformativo.com.mx\/index.php?rest_route=%2Fwp%2Fv2%2Fcategories&post=4474"},{"taxonomy":"post_tag","embeddable":true,"href":"https:\/\/encuentroinformativo.com.mx\/index.php?rest_route=%2Fwp%2Fv2%2Ftags&post=4474"}],"curies":[{"name":"wp","href":"https:\/\/api.w.org\/{rel}","templated":true}]}}