{"id":44750,"date":"2023-09-05T09:28:39","date_gmt":"2023-09-05T15:28:39","guid":{"rendered":"https:\/\/encuentroinformativo.com.mx\/?p=44750"},"modified":"2023-09-05T09:28:45","modified_gmt":"2023-09-05T15:28:45","slug":"ya-hay-refineria-y-la-queso","status":"publish","type":"post","link":"https:\/\/encuentroinformativo.com.mx\/?p=44750","title":{"rendered":"YA HAY REFINER\u00cdA\u2026 Y LA QUESO\u2026"},"content":{"rendered":"\n<p><strong>ColumnaSinNombre<br>@pablojair<\/strong><\/p>\n\n\n\n<ul class=\"wp-block-list\"><li>No distraigan a &#8220;Ulito&#8221; Moreno.<\/li><li>AMLO juega con piezas claves de PRI, MC y PAN<\/li><li>\u00bfPasar\u00e1 en Coatepec lo mismo que en Rinconada?<\/li><\/ul>\n\n\n\n<p>\u00a1Fuerza, bro! \u00a1Aqu\u00ed sigue la flota esper\u00e1ndote!<br>&#8211;Chopenjawer<\/p>\n\n\n\n<p>Han habido cr\u00edticas muy burdas respecto a las posibilidades de que la secretaria de Energ\u00eda, Roc\u00edo Nahle Garc\u00eda, sea la pr\u00f3xima gobernadora de Veracruz.<\/p>\n\n\n\n<p>Primero quisieron vender una xenofobia de petatiux, muy patito, bastante chafita, diciendo que la se\u00f1ora no tendr\u00eda posibilidad porque no naci\u00f3 en Veracruz, sino en Zacatecas, cuando cualquier abogado &#8220;dos pesos&#8221; sabe que no contraviene ninguna disposici\u00f3n legal en d\u00f3nde haya nacido, porque sencillamente la Constituci\u00f3n Pol\u00edtica de los Estados Unidos Mexicanos protege esos derechos de votar y ser votado como mexicano.<\/p>\n\n\n\n<p>Aclarado el punto en los m\u00e1s altos tribunales, se les quem\u00f3 ese parque a los detractores, pero siguieron con la guerrita sucia. (De todas maneras no faltan los que siguen con la cantaleta de que es zacatecana, pero pos ya es como una necedad incurable).<\/p>\n\n\n\n<p>Ahora est\u00e1n con el tema de la refiner\u00eda Olmeca, en Dos Bocas, Tabasco\u2026<\/p>\n\n\n\n<p>Debo admitir que un par de amigos que trabajaron en el proyecto y fueron llamados para arrancar la nueva refiner\u00eda, al principio me dec\u00edan que era una tarea imposible. Que se necesitaban al menos dos a\u00f1os para poner en funcionamiento un proyecto de esa magnitud una vez terminada la etapa de construcci\u00f3n; incluso uno de ellos (trabajando en la refiner\u00eda de Minatitl\u00e1n) dec\u00eda que todo lo quer\u00edan apresurar para la cuesti\u00f3n pol\u00edtica, advirtiendo que era un riesgo.<\/p>\n\n\n\n<p>En el caso de los detractores de Nahle, estos crearon otra cantaleta: &#8220;La Refiner\u00eda que no refina&#8221;, pues &#8211;seg\u00fan su l\u00f3gica&#8211; la factor\u00eda ya deb\u00eda estar sacando producto desde el primer d\u00eda de terminada su construcci\u00f3n como si fuese f\u00e1brica de gelatinas.<\/p>\n\n\n\n<p>El colmo fue cuando el senador &#8220;wannabe&#8221; Julen Rementer\u00eda se fue de babas diciendo que no hab\u00eda agua para la refiner\u00eda Olmeca y que se iba a construir un acueducto, pero se la reviraron: eso fue lo primero que se hizo. La exhibida en redes fue tan notable que hasta le dijeron que mejor se dedicara a vender telas y calzones en el Puerto como hace a\u00f1os lo hac\u00eda antes de meterse a la pol\u00edtica.<\/p>\n\n\n\n<p>Cualquier persona con sentido com\u00fan sabr\u00eda que un complejo industrial de tal envergadura &#8211;agarren la onda, porfa, fachos&#8211; y manejando los productos explosivos que procesa (con riesgo de afectar vidas humanas) tendr\u00eda que pasar por un periodo de pruebas muy riguroso. No es como hacer gelatinas, pues, que tambi\u00e9n tiene su gracia, pero en mucho menor escala\u2026<\/p>\n\n\n\n<p>En este sentido, el comentario com\u00fan en los caf\u00e9s es que a Roc\u00edo Nahle no le iba a dar tiempo de arrancar la refiner\u00eda y eso ser\u00eda su Waterloo\u2026 Casi-casi como que se le cay\u00f3 todo, ya vali\u00f3 y que hasta eso la iba a dejar afuera del c\u00edrculo de aprecio del presidente L\u00f3pez Obrador.<\/p>\n\n\n\n<p>Bueno, los m\u00e1s jalados (con una de aqu\u00ed hasta Jap\u00f3n) dec\u00edan que hab\u00eda ca\u00eddo del \u00e1nimo del presidente y eso le tumbaba sus aspiraciones. Que hasta hab\u00eda un &#8220;relevo&#8221; (esta columna no contiene risas grabadas).<\/p>\n\n\n\n<p>Pero no: ah\u00ed est\u00e1 el video reciente del Quinto Informe donde Roc\u00edo Nahle fue reconocida por el presidente por haber estado encargada de una de las obras insignia del sexenio.<\/p>\n\n\n\n<p>Mire, la verdad es que la propia ingeniera ha sido muy cauta y cuidadosa de no meterse en temas electorales. Se ve que su misi\u00f3n estaba clara y no se dej\u00f3 distraer; ten\u00eda que arrancar una refiner\u00eda con el tiempo encima, como para estar oyendo a sus &#8220;haters&#8221;.<\/p>\n\n\n\n<p>Por ejemplo, sus visitas a Veracruz han sido en su mayor\u00eda espor\u00e1dicas si las comparamos con las del ex gobernador Miguel \u00c1ngel Yunes Linares, quien siendo director del ISSSTE s\u00f3lo se paseaba en territorio veracruzano con miras a convertirse en el futuro e in\u00e9dito mandatario de los dos a\u00f1os.<\/p>\n\n\n\n<p>Nahle ha sido m\u00e1s discreta con visitas a eventos oficiales como funcionaria y hablando de temas correspondientes a su papel como secretaria de Energ\u00eda. Ha tratado mucho no hablar mucho de pol\u00edtica, aunque \u00faltimamente s\u00ed se le ve m\u00e1s seguido y con m\u00e1s presencia medi\u00e1tica, hablando del destino que tiene en Veracruz y de sus m\u00e1s de 30 a\u00f1os viviendo en este lugar.<\/p>\n\n\n\n<p>As\u00ed Nahle, poco a poco, ha estado ganando reflectores, especialmente desde que la refiner\u00eda entr\u00f3 en fase de pruebas y ya por fin este fin de semana pudo refinar su primera gasolina, lo que marca oficialmente el arranque de Dos Bocas.<\/p>\n\n\n\n<p>S\u00ed, no est\u00e1 al 100 por ciento sacando las macro cifras que todos esperamos, pero al final de cuentas ya est\u00e1 una factor\u00eda operando en forma, ya &#8220;arrancada&#8221; en el sistema nacional, y que al paso de los d\u00edas agarrar\u00e1 su ritmo industrial tan codiciado.<\/p>\n\n\n\n<p>Luego entonces, la cantaleta de la &#8220;refiner\u00eda que no refina&#8221; tambi\u00e9n se cay\u00f3.<\/p>\n\n\n\n<p>Pero ver qu\u00e9 nueva chaqueta mental se les ocurre\u2026<\/p>\n\n\n\n<p>Me acuerdo que en la elecci\u00f3n federal de 2015, grupos como los &#8220;Marcelistas&#8221; de Coatza (que estuvieron succionando en el poder por a\u00f1os) le buscaron hasta en el excremento para hacer guerra sucia y evitar que Roc\u00edo Nahle se convirtiera en diputada federal; al final no le hallaron nada y ella arras\u00f3 en esa elecci\u00f3n, como ocurri\u00f3 tambi\u00e9n en la votaci\u00f3n para senadora.<\/p>\n\n\n\n<p>A ver ahora qu\u00e9 chaquetota se inventan, porque la neta la Nahle ya les viene haciendo mucho ruido, tapando bocas y con un historial de votaci\u00f3n impresionante.<\/p>\n\n\n\n<p>Al tiempo.<\/p>\n\n\n\n<p><strong>NOTA PARA PEGAR EN EL REFRI: <\/strong>Con eso de que &#8220;Ulito&#8221; Moreno ya quiere hasta correr a un ilustre pri\u00edsta del legendario Grupo Atlacomulco como lo es el gobernador del Estado de M\u00e9xico, Alfredo del Mazo, ya se puede ver que el campechano de plano anda desatado desarmando lo que queda del Partido Revolucionario Institucional (PRI)\u2026 Ya tambi\u00e9n se deshizo de Miguel \u00c1ngel Osorio Chong y trae &#8211;al menos en Veracruz&#8211; a varios pri\u00edstas enojados por su manera de proceder por haber bajado de la contienda interna del Frente Opositor a una excelente candidata como lo era la senadora Beatriz Paredes, de las pri\u00edstas rescatables en todo el partido\u2026 En Palacio Nacional deben estar diciendo &#8220;no me lo distraigan, d\u00e9jenlo que siga&#8221;.<\/p>\n\n\n\n<p><strong>OTRA NOTA: <\/strong>En el ajedrez pol\u00edtico nacional se ve este tablero hasta el momento: AMLO tiene mucho acercamiento con los gobernadores de Movimiento Ciudadano; invit\u00f3 al de Jalisco al Tren Maya y este le correspondi\u00f3 con cari\u00f1o; los naranjas de Nuevo Le\u00f3n (Samuel y Colosio) tambi\u00e9n est\u00e1n en la misma din\u00e1mica de corresponderle al presidente y pintarle mocos al PRIAN (el PRD de plano ya ni cascar\u00f3n es)\u2026 En el caso del Tren Maya, tiene tambi\u00e9n de su lado al quiz\u00e1s mejor gobernador panista del pa\u00eds, Mauricio Vila (Yucat\u00e1n) quien antes de ponerse en plan &#8220;facho&#8221; de criticar por criticar, fue de los pocos pol\u00edticos de oposici\u00f3n que vio con buenos ojos la construcci\u00f3n de dicho proyecto que detonar\u00e1 mucho en el sureste\u2026 Otro gui\u00f1o se vio este lunes cuando L\u00f3pez Obrador fue a arrobar al gobernador mexiquense Alfredo del Mazo (PRI) en su \u00faltimo informe de gobierno luego de que sus correligionarios de partido lo dejaron abandonado, perteneciendo \u00e9ste a una dinast\u00eda de pri\u00edstas de sangre muy colorada que decidi\u00f3 por d\u00e9cadas el rumbo del pa\u00eds, con mucho peso todav\u00eda\u2026 A lo mejor van a decir que trae a puro cartucho quemado, pero pos viendo la tienda de enfrente, all\u00e1 est\u00e1n tantito &#8220;pior&#8221;\u2026 La neta, padre\u2026<\/p>\n\n\n\n<p><strong>LA \u00daLTIMA PORQUE EL FEIS EST\u00c1 DE NENA CON SUS REGLAMENTOS: <\/strong>Durante a\u00f1os (al menos desde que llegu\u00e9 a vivir a esta zona) se habl\u00f3 de que un libramiento de Coatepec ser\u00eda el caos econ\u00f3mico para el primer Pueblo M\u00e1gico del estado y muchos pon\u00edan como ejemplo el caso de Rinconada, la famosa capital de la garnacha, la cual se vaci\u00f3 una vez que se construy\u00f3 el libramiento y dej\u00f3 de ser el paso obligado entre Xalapa y el puerto de Veracruz\u2026 Tal vez con Coatepec no ocurra lo mismo: la ciudad tiene su propio turismo, sus servicios, sus restaurantes, no est\u00e1 muy lejos de Xalapa; no es por desde\u00f1ar a Xico, pero cada pueblo tiene su encanto natural y s\u00ed ya es necesario sacar mucho del tr\u00e1fico que atasca a la ciudad con los que van de paso\u2026 Se trata tambi\u00e9n de darle movilidad y opciones a quienes gustan viajar por carretera y no toparse con el tr\u00e1fico lento que se aglutina en un punto que es el \u00fanico camino para salir o entrar de Coatepec\u2026 Por lo pronto, el g\u00f3ber-descansado Cuitl\u00e1huac Garc\u00eda Jim\u00e9nez ya fue este lunes a supervisar la obra y &#8211;pese a las lluvias&#8211; prometen que estar\u00e1 por ah\u00ed de enero de 2024.<\/p>\n","protected":false},"excerpt":{"rendered":"<p>ColumnaSinNombre@pablojair No distraigan a &#8220;Ulito&#8221; Moreno. AMLO juega con piezas claves de PRI, MC y PAN \u00bfPasar\u00e1 en Coatepec lo mismo que en Rinconada? \u00a1Fuerza, bro! \u00a1Aqu\u00ed sigue la flota esper\u00e1ndote!&#8211;Chopenjawer Han habido cr\u00edticas muy burdas respecto a las posibilidades de que la secretaria de Energ\u00eda, Roc\u00edo Nahle Garc\u00eda, sea la pr\u00f3xima gobernadora de Veracruz. [&hellip;]<\/p>\n","protected":false},"author":2476,"featured_media":488,"comment_status":"open","ping_status":"open","sticky":false,"template":"","format":"standard","meta":{"_jetpack_memberships_contains_paid_content":false,"footnotes":""},"categories":[11],"tags":[],"class_list":["post-44750","post","type-post","status-publish","format-standard","has-post-thumbnail","hentry","category-opinion"],"jetpack_featured_media_url":"https:\/\/encuentroinformativo.com.mx\/wp-content\/uploads\/2020\/03\/F471F608-BA1A-416B-BA7B-BCFB24F4E6D0.jpeg","jetpack_sharing_enabled":true,"jetpack_likes_enabled":true,"amp_enabled":true,"_links":{"self":[{"href":"https:\/\/encuentroinformativo.com.mx\/index.php?rest_route=\/wp\/v2\/posts\/44750","targetHints":{"allow":["GET"]}}],"collection":[{"href":"https:\/\/encuentroinformativo.com.mx\/index.php?rest_route=\/wp\/v2\/posts"}],"about":[{"href":"https:\/\/encuentroinformativo.com.mx\/index.php?rest_route=\/wp\/v2\/types\/post"}],"author":[{"embeddable":true,"href":"https:\/\/encuentroinformativo.com.mx\/index.php?rest_route=\/wp\/v2\/users\/2476"}],"replies":[{"embeddable":true,"href":"https:\/\/encuentroinformativo.com.mx\/index.php?rest_route=%2Fwp%2Fv2%2Fcomments&post=44750"}],"version-history":[{"count":1,"href":"https:\/\/encuentroinformativo.com.mx\/index.php?rest_route=\/wp\/v2\/posts\/44750\/revisions"}],"predecessor-version":[{"id":44751,"href":"https:\/\/encuentroinformativo.com.mx\/index.php?rest_route=\/wp\/v2\/posts\/44750\/revisions\/44751"}],"wp:featuredmedia":[{"embeddable":true,"href":"https:\/\/encuentroinformativo.com.mx\/index.php?rest_route=\/wp\/v2\/media\/488"}],"wp:attachment":[{"href":"https:\/\/encuentroinformativo.com.mx\/index.php?rest_route=%2Fwp%2Fv2%2Fmedia&parent=44750"}],"wp:term":[{"taxonomy":"category","embeddable":true,"href":"https:\/\/encuentroinformativo.com.mx\/index.php?rest_route=%2Fwp%2Fv2%2Fcategories&post=44750"},{"taxonomy":"post_tag","embeddable":true,"href":"https:\/\/encuentroinformativo.com.mx\/index.php?rest_route=%2Fwp%2Fv2%2Ftags&post=44750"}],"curies":[{"name":"wp","href":"https:\/\/api.w.org\/{rel}","templated":true}]}}