{"id":44768,"date":"2023-09-05T12:26:46","date_gmt":"2023-09-05T18:26:46","guid":{"rendered":"https:\/\/encuentroinformativo.com.mx\/?p=44768"},"modified":"2023-09-05T12:26:50","modified_gmt":"2023-09-05T18:26:50","slug":"amlo-pide-a-segob-atender-a-ex-trabajadores-del-sas","status":"publish","type":"post","link":"https:\/\/encuentroinformativo.com.mx\/?p=44768","title":{"rendered":"AMLO pide a SEGOB atender a ex trabajadores del SAS"},"content":{"rendered":"\n<p><strong>Alejandro \u00c1vila<\/strong><\/p>\n\n\n\n<p>Veracruz, Ver.- Este martes durante su conferencia &#8220;La Ma\u00f1anera&#8221;, el presidente, Andr\u00e9s Manuel L\u00f3pez Obrador, gir\u00f3 instrucciones a la titular de la Secretar\u00eda de Gobernaci\u00f3n, Luisa Mar\u00eda Alcalde Luj\u00e1n, para que atienda la situaci\u00f3n de los ex trabajadores sindicalizados del Sistema de Agua y Saneamiento (SAS) de Veracruz.<\/p>\n\n\n\n<p>Esta situaci\u00f3n congratul\u00f3 a los ex empleados, mismos que mantienen un plant\u00f3n a las afueras del Palacio Municipal de Medell\u00edn de Bravo, inform\u00f3 el legislador de Morena, Magdaleno Rosales Torres.<\/p>\n\n\n\n<p>&#8220;Son m\u00e1s de mil trabajadores que no han recibido lo que por ley le corresponde, que tiene que ver con sus liquidaciones, sus prestaciones, sus ahorros, todo lo que por ley les correspond\u00eda no les fue dado hace m\u00e1s de siete a\u00f1os, desde que se extingui\u00f3 el sistema y se privatiz\u00f3, y se le entreg\u00f3 a la empresa extranjera Odebrecht y su filial Grupo MAS. Hoy, a m\u00e1s de 7 a\u00f1os, un presidente de M\u00e9xico hace alusi\u00f3n al tema y gira ese problema a la Secretar\u00eda de Gobernaci\u00f3n&#8221;, declar\u00f3 el diputado local, Magdaleno Rosales Torres<\/p>\n\n\n\n<p>Es de mencionar que, uno de los principales responsables de que los ex trabajadores del sindicato &#8220;Teniente Jos\u00e9 Azueta&#8221; no hayan sido liquidados conforme lo marca la ley es, Jos\u00e9 Ruiz Carmona, quien hoy alejado del PRI, se sum\u00f3 Morena, para &#8220;operar&#8221; desde hace unos meses, la candidatura de la a\u00fan secretaria de Energ\u00eda, Roc\u00edo Nahle Garc\u00eda.<\/p>\n","protected":false},"excerpt":{"rendered":"<p>Alejandro \u00c1vila Veracruz, Ver.- Este martes durante su conferencia &#8220;La Ma\u00f1anera&#8221;, el presidente, Andr\u00e9s Manuel L\u00f3pez Obrador, gir\u00f3 instrucciones a la titular de la Secretar\u00eda de Gobernaci\u00f3n, Luisa Mar\u00eda Alcalde Luj\u00e1n, para que atienda la situaci\u00f3n de los ex trabajadores sindicalizados del Sistema de Agua y Saneamiento (SAS) de Veracruz. Esta situaci\u00f3n congratul\u00f3 a los [&hellip;]<\/p>\n","protected":false},"author":2476,"featured_media":44769,"comment_status":"open","ping_status":"open","sticky":false,"template":"","format":"standard","meta":{"_jetpack_memberships_contains_paid_content":false,"footnotes":""},"categories":[2],"tags":[],"class_list":["post-44768","post","type-post","status-publish","format-standard","has-post-thumbnail","hentry","category-estado"],"jetpack_featured_media_url":"https:\/\/encuentroinformativo.com.mx\/wp-content\/uploads\/2023\/09\/IMG-20230905-WA0072.jpg","jetpack_sharing_enabled":true,"jetpack_likes_enabled":true,"amp_enabled":true,"_links":{"self":[{"href":"https:\/\/encuentroinformativo.com.mx\/index.php?rest_route=\/wp\/v2\/posts\/44768","targetHints":{"allow":["GET"]}}],"collection":[{"href":"https:\/\/encuentroinformativo.com.mx\/index.php?rest_route=\/wp\/v2\/posts"}],"about":[{"href":"https:\/\/encuentroinformativo.com.mx\/index.php?rest_route=\/wp\/v2\/types\/post"}],"author":[{"embeddable":true,"href":"https:\/\/encuentroinformativo.com.mx\/index.php?rest_route=\/wp\/v2\/users\/2476"}],"replies":[{"embeddable":true,"href":"https:\/\/encuentroinformativo.com.mx\/index.php?rest_route=%2Fwp%2Fv2%2Fcomments&post=44768"}],"version-history":[{"count":1,"href":"https:\/\/encuentroinformativo.com.mx\/index.php?rest_route=\/wp\/v2\/posts\/44768\/revisions"}],"predecessor-version":[{"id":44770,"href":"https:\/\/encuentroinformativo.com.mx\/index.php?rest_route=\/wp\/v2\/posts\/44768\/revisions\/44770"}],"wp:featuredmedia":[{"embeddable":true,"href":"https:\/\/encuentroinformativo.com.mx\/index.php?rest_route=\/wp\/v2\/media\/44769"}],"wp:attachment":[{"href":"https:\/\/encuentroinformativo.com.mx\/index.php?rest_route=%2Fwp%2Fv2%2Fmedia&parent=44768"}],"wp:term":[{"taxonomy":"category","embeddable":true,"href":"https:\/\/encuentroinformativo.com.mx\/index.php?rest_route=%2Fwp%2Fv2%2Fcategories&post=44768"},{"taxonomy":"post_tag","embeddable":true,"href":"https:\/\/encuentroinformativo.com.mx\/index.php?rest_route=%2Fwp%2Fv2%2Ftags&post=44768"}],"curies":[{"name":"wp","href":"https:\/\/api.w.org\/{rel}","templated":true}]}}