{"id":44771,"date":"2023-09-05T10:30:37","date_gmt":"2023-09-05T16:30:37","guid":{"rendered":"https:\/\/encuentroinformativo.com.mx\/?p=44771"},"modified":"2023-09-05T12:31:32","modified_gmt":"2023-09-05T18:31:32","slug":"zona-rural-de-veracruz-tendra-estacion-de-emergencias-en-2024-alcaldesa","status":"publish","type":"post","link":"https:\/\/encuentroinformativo.com.mx\/?p=44771","title":{"rendered":"Zona rural de Veracruz tendr\u00e1 Estaci\u00f3n de Emergencias en 2024: Alcaldesa"},"content":{"rendered":"\n<p><strong>Alejandro \u00c1vila<\/strong><\/p>\n\n\n\n<p>Veracruz, Ver.- La alcaldesa, Patricia Lobeira Rodr\u00edguez, confirm\u00f3 que en 2024 la zona rural del municipio de Veracruz tendr\u00e1 una Estaci\u00f3n de Emergencias.<\/p>\n\n\n\n<p>Este proyecto que se pretende inicie en la localidad de Santa Fe, contempla un espacio para Polic\u00eda, Bomberos y zona de atenci\u00f3n m\u00e9dica; con la finalidad de acortar los tiempos de respuesta de las mencionadas corporaciones, logrando tal vez, reducir los delitos del fuero com\u00fan y algunos siniestros.<\/p>\n\n\n\n<p>&#8220;Ya lo estamos viendo tambi\u00e9n, este a\u00f1o ya cerramos nuestro Plan de Obra, pero para 2024 es para cuando nosotros tenemos contemplado esta estaci\u00f3n, la verdad es que abastecer\u00eda muy bien a la zona rural que le hace falta, tanto la Polic\u00eda, como Bomberos, como una Estaci\u00f3n de Emergencia (\u2026) nosotros lo hab\u00edamos contemplado en Santa Fe y vamos a seguir con ese plan, sin embargo, conforme va avanzando la administraci\u00f3n la gente nos va haciendo ver su sentir, y es como nosotros vamos viendo cual es la mejor opci\u00f3n. Hasta ahora ha permanecido la idea en Santa Fe, pero m\u00e1s adelante, si vemos que hay necesidad en otra zona, pues tambi\u00e9n podr\u00edamos verlo&#8221;, declar\u00f3.<\/p>\n\n\n\n<p>El mencionado proyecto que ha sido una solicitud de los ciudadanos de la zona rural, tom\u00f3 forma hace algunos meses, cuando el empresario ganadero, Carlos Sosa Lagunes, acudi\u00f3 con la alcaldesa, Patricia Lobeira Rodr\u00edguez, para informarle que en caso de llevar a cabo la Estaci\u00f3n de Emergencias, \u00e9l donar\u00eda el terreno.<\/p>\n","protected":false},"excerpt":{"rendered":"<p>Alejandro \u00c1vila Veracruz, Ver.- La alcaldesa, Patricia Lobeira Rodr\u00edguez, confirm\u00f3 que en 2024 la zona rural del municipio de Veracruz tendr\u00e1 una Estaci\u00f3n de Emergencias. Este proyecto que se pretende inicie en la localidad de Santa Fe, contempla un espacio para Polic\u00eda, Bomberos y zona de atenci\u00f3n m\u00e9dica; con la finalidad de acortar los tiempos [&hellip;]<\/p>\n","protected":false},"author":2476,"featured_media":44772,"comment_status":"open","ping_status":"open","sticky":false,"template":"","format":"standard","meta":{"_jetpack_memberships_contains_paid_content":false,"footnotes":""},"categories":[2],"tags":[],"class_list":["post-44771","post","type-post","status-publish","format-standard","has-post-thumbnail","hentry","category-estado"],"jetpack_featured_media_url":"https:\/\/encuentroinformativo.com.mx\/wp-content\/uploads\/2023\/09\/IMG-20230905-WA00782.jpg","jetpack_sharing_enabled":true,"jetpack_likes_enabled":true,"amp_enabled":true,"_links":{"self":[{"href":"https:\/\/encuentroinformativo.com.mx\/index.php?rest_route=\/wp\/v2\/posts\/44771","targetHints":{"allow":["GET"]}}],"collection":[{"href":"https:\/\/encuentroinformativo.com.mx\/index.php?rest_route=\/wp\/v2\/posts"}],"about":[{"href":"https:\/\/encuentroinformativo.com.mx\/index.php?rest_route=\/wp\/v2\/types\/post"}],"author":[{"embeddable":true,"href":"https:\/\/encuentroinformativo.com.mx\/index.php?rest_route=\/wp\/v2\/users\/2476"}],"replies":[{"embeddable":true,"href":"https:\/\/encuentroinformativo.com.mx\/index.php?rest_route=%2Fwp%2Fv2%2Fcomments&post=44771"}],"version-history":[{"count":1,"href":"https:\/\/encuentroinformativo.com.mx\/index.php?rest_route=\/wp\/v2\/posts\/44771\/revisions"}],"predecessor-version":[{"id":44773,"href":"https:\/\/encuentroinformativo.com.mx\/index.php?rest_route=\/wp\/v2\/posts\/44771\/revisions\/44773"}],"wp:featuredmedia":[{"embeddable":true,"href":"https:\/\/encuentroinformativo.com.mx\/index.php?rest_route=\/wp\/v2\/media\/44772"}],"wp:attachment":[{"href":"https:\/\/encuentroinformativo.com.mx\/index.php?rest_route=%2Fwp%2Fv2%2Fmedia&parent=44771"}],"wp:term":[{"taxonomy":"category","embeddable":true,"href":"https:\/\/encuentroinformativo.com.mx\/index.php?rest_route=%2Fwp%2Fv2%2Fcategories&post=44771"},{"taxonomy":"post_tag","embeddable":true,"href":"https:\/\/encuentroinformativo.com.mx\/index.php?rest_route=%2Fwp%2Fv2%2Ftags&post=44771"}],"curies":[{"name":"wp","href":"https:\/\/api.w.org\/{rel}","templated":true}]}}