{"id":44774,"date":"2023-09-05T12:37:44","date_gmt":"2023-09-05T18:37:44","guid":{"rendered":"https:\/\/encuentroinformativo.com.mx\/?p=44774"},"modified":"2023-09-05T12:37:48","modified_gmt":"2023-09-05T18:37:48","slug":"eroga-cruz-roja-7mdp-al-ano-en-servicio-de-emergencias","status":"publish","type":"post","link":"https:\/\/encuentroinformativo.com.mx\/?p=44774","title":{"rendered":"Eroga Cruz Roja 7mdp al a\u00f1o en Servicio de Emergencias"},"content":{"rendered":"\n<p><strong>Alejandro \u00c1vila<\/strong><\/p>\n\n\n\n<p>Veracruz, Ver.- \u00danicamente en el Servicio de Emergencias, el gasto anual que eroga la Cruz Roja Veracruz &#8211; Boca del R\u00edo es de 7 millones de pesos, declar\u00f3 la presidenta de las Damas Voluntarias, Lucila Ale de Ficache.<\/p>\n\n\n\n<p>Entrevistada en el z\u00f3calo de Veracruz durante el arranque de la Colecta Anual, la Dama Voluntaria lament\u00f3 la de ca\u00edda que ha habido Durante los \u00faltimos a\u00f1os durante la recaudaci\u00f3n.<\/p>\n\n\n\n<p>&#8220;Me ha tocado muchas veces el que dicen, yo no ocupo la Cruz Roja, creo que es un grave error, nadie sabe cu\u00e1ndo la vamos a ocupar, y el servicio de urgencias, el que vayan y te rescaten en un accidente, lo mismo en tu casa, que te sientas mal y que te puedan llegar a estabilizar y que te salven la vida, ese servicio no se cobra y ese servicio le sale muy caro a la Cruz Roja durante todo el a\u00f1o, por qu\u00e9 es tener a los param\u00e9dicos 24\/7, la gasolina, ambulancias bien equipadas y bien (\u2026) s\u00ed, m\u00e1s o menos 7 millones al a\u00f1o le cuesta a la Cruz Roja mantener el servicio de emergencias&#8221;, expres\u00f3.<\/p>\n\n\n\n<p>Lucila Ale, record\u00f3 que la Cruz Roja es una instituci\u00f3n de asistencia privada, por lo cual, si bien los servicios de emergencia no se cobran, los ingresos hospitalarios, s\u00ed.<\/p>\n\n\n\n<p>&#8220;Entonces, ese servicio es el que no cobra la Cruz Roja, pero bueno, la Cruz Roja es una instituci\u00f3n de asistencia privada, y luego dicen, es que voy y me cobran, por qu\u00e9 cobran, porque hay casi 300 empleados en n\u00f3mina&#8221;, sostuvo.<\/p>\n\n\n\n<p>Finalmente, declar\u00f3 que la colecta arranca este martes 5 de septiembre y culminar\u00e1 el 31 de octubre, espacio de tiempo donde se espera recaudar cerca de 3 millones de pesos.<\/p>\n","protected":false},"excerpt":{"rendered":"<p>Alejandro \u00c1vila Veracruz, Ver.- \u00danicamente en el Servicio de Emergencias, el gasto anual que eroga la Cruz Roja Veracruz &#8211; Boca del R\u00edo es de 7 millones de pesos, declar\u00f3 la presidenta de las Damas Voluntarias, Lucila Ale de Ficache. Entrevistada en el z\u00f3calo de Veracruz durante el arranque de la Colecta Anual, la Dama [&hellip;]<\/p>\n","protected":false},"author":2476,"featured_media":44775,"comment_status":"open","ping_status":"open","sticky":false,"template":"","format":"standard","meta":{"_jetpack_memberships_contains_paid_content":false,"footnotes":""},"categories":[9],"tags":[],"class_list":["post-44774","post","type-post","status-publish","format-standard","has-post-thumbnail","hentry","category-salud"],"jetpack_featured_media_url":"https:\/\/encuentroinformativo.com.mx\/wp-content\/uploads\/2023\/09\/IMG-20230905-WA0046.jpg","jetpack_sharing_enabled":true,"jetpack_likes_enabled":true,"amp_enabled":true,"_links":{"self":[{"href":"https:\/\/encuentroinformativo.com.mx\/index.php?rest_route=\/wp\/v2\/posts\/44774","targetHints":{"allow":["GET"]}}],"collection":[{"href":"https:\/\/encuentroinformativo.com.mx\/index.php?rest_route=\/wp\/v2\/posts"}],"about":[{"href":"https:\/\/encuentroinformativo.com.mx\/index.php?rest_route=\/wp\/v2\/types\/post"}],"author":[{"embeddable":true,"href":"https:\/\/encuentroinformativo.com.mx\/index.php?rest_route=\/wp\/v2\/users\/2476"}],"replies":[{"embeddable":true,"href":"https:\/\/encuentroinformativo.com.mx\/index.php?rest_route=%2Fwp%2Fv2%2Fcomments&post=44774"}],"version-history":[{"count":1,"href":"https:\/\/encuentroinformativo.com.mx\/index.php?rest_route=\/wp\/v2\/posts\/44774\/revisions"}],"predecessor-version":[{"id":44776,"href":"https:\/\/encuentroinformativo.com.mx\/index.php?rest_route=\/wp\/v2\/posts\/44774\/revisions\/44776"}],"wp:featuredmedia":[{"embeddable":true,"href":"https:\/\/encuentroinformativo.com.mx\/index.php?rest_route=\/wp\/v2\/media\/44775"}],"wp:attachment":[{"href":"https:\/\/encuentroinformativo.com.mx\/index.php?rest_route=%2Fwp%2Fv2%2Fmedia&parent=44774"}],"wp:term":[{"taxonomy":"category","embeddable":true,"href":"https:\/\/encuentroinformativo.com.mx\/index.php?rest_route=%2Fwp%2Fv2%2Fcategories&post=44774"},{"taxonomy":"post_tag","embeddable":true,"href":"https:\/\/encuentroinformativo.com.mx\/index.php?rest_route=%2Fwp%2Fv2%2Ftags&post=44774"}],"curies":[{"name":"wp","href":"https:\/\/api.w.org\/{rel}","templated":true}]}}