{"id":44790,"date":"2023-09-05T14:29:00","date_gmt":"2023-09-05T20:29:00","guid":{"rendered":"https:\/\/encuentroinformativo.com.mx\/?p=44790"},"modified":"2023-09-05T14:29:05","modified_gmt":"2023-09-05T20:29:05","slug":"confirma-gobernador-refuerzo-al-operativo-en-maltrata-siempre-ha-existido-coordinacion","status":"publish","type":"post","link":"https:\/\/encuentroinformativo.com.mx\/?p=44790","title":{"rendered":"Confirma Gobernador refuerzo al operativo en Maltrata; \u201csiempre ha existido coordinaci\u00f3n\u201d"},"content":{"rendered":"\n<p>Xalapa, Ver.- El gobernador Cuitl\u00e1huac Garc\u00eda Jim\u00e9nez confirm\u00f3 el reforzamiento al operativo de vigilancia en las Cumbres de Maltrata y agradeci\u00f3 la colaboraci\u00f3n de la Guardia Nacional desde antes que sucedieran los recientes asaltos; \u201cviene un refuerzo adicional, el cual agradezco, con m\u00e1s patrullas, equipamiento y personal\u201d.<\/p>\n\n\n\n<p>Ante los se\u00f1alamientos de voceros de la oposici\u00f3n, \u201cque pintaron de rojo la zona y calificaron a esa carretera como la m\u00e1s peligrosa del pa\u00eds\u201d, dijo que aprovecharon los hechos porque quieren revivir, pero desde entonces no se ha presentado un solo percance; \u201chay un incremento, s\u00ed, pero se eval\u00faa en otro lapso y lo vamos a analizar\u201d.<\/p>\n\n\n\n<p>En conferencia de prensa, el mandatario enfatiz\u00f3 que la coordinaci\u00f3n ya existe desde que el Presidente autoriz\u00f3 las mesas estatales de Construcci\u00f3n de la Paz y siempre ha estado presente la Guardia Nacional, pues es la que tiene competencia en las carreteras federales y puede moverse sin problema entre los estados.<\/p>\n\n\n\n<p>Por ello, \u201caunque queramos actuar no es sencillo, pues los jueces federales \u2013que andan muy atentos con los delincuentes\u2013 nos preguntan por qu\u00e9 detenemos a alguien fuera de nuestra jurisdicci\u00f3n y ordenan su liberaci\u00f3n\u201d; sin embargo, en los delitos del fuero com\u00fan s\u00ed interviene la Fiscal\u00eda General del Estado, como sucedi\u00f3 con el homicidio de los \u00faltimos eventos en la zona.<\/p>\n","protected":false},"excerpt":{"rendered":"<p>Xalapa, Ver.- El gobernador Cuitl\u00e1huac Garc\u00eda Jim\u00e9nez confirm\u00f3 el reforzamiento al operativo de vigilancia en las Cumbres de Maltrata y agradeci\u00f3 la colaboraci\u00f3n de la Guardia Nacional desde antes que sucedieran los recientes asaltos; \u201cviene un refuerzo adicional, el cual agradezco, con m\u00e1s patrullas, equipamiento y personal\u201d. Ante los se\u00f1alamientos de voceros de la oposici\u00f3n, [&hellip;]<\/p>\n","protected":false},"author":2476,"featured_media":44791,"comment_status":"open","ping_status":"open","sticky":false,"template":"","format":"standard","meta":{"_jetpack_memberships_contains_paid_content":false,"footnotes":""},"categories":[2],"tags":[],"class_list":["post-44790","post","type-post","status-publish","format-standard","has-post-thumbnail","hentry","category-estado"],"jetpack_featured_media_url":"https:\/\/encuentroinformativo.com.mx\/wp-content\/uploads\/2023\/09\/IMG-20230905-WA01062.jpg","jetpack_sharing_enabled":true,"jetpack_likes_enabled":true,"amp_enabled":true,"_links":{"self":[{"href":"https:\/\/encuentroinformativo.com.mx\/index.php?rest_route=\/wp\/v2\/posts\/44790","targetHints":{"allow":["GET"]}}],"collection":[{"href":"https:\/\/encuentroinformativo.com.mx\/index.php?rest_route=\/wp\/v2\/posts"}],"about":[{"href":"https:\/\/encuentroinformativo.com.mx\/index.php?rest_route=\/wp\/v2\/types\/post"}],"author":[{"embeddable":true,"href":"https:\/\/encuentroinformativo.com.mx\/index.php?rest_route=\/wp\/v2\/users\/2476"}],"replies":[{"embeddable":true,"href":"https:\/\/encuentroinformativo.com.mx\/index.php?rest_route=%2Fwp%2Fv2%2Fcomments&post=44790"}],"version-history":[{"count":2,"href":"https:\/\/encuentroinformativo.com.mx\/index.php?rest_route=\/wp\/v2\/posts\/44790\/revisions"}],"predecessor-version":[{"id":44793,"href":"https:\/\/encuentroinformativo.com.mx\/index.php?rest_route=\/wp\/v2\/posts\/44790\/revisions\/44793"}],"wp:featuredmedia":[{"embeddable":true,"href":"https:\/\/encuentroinformativo.com.mx\/index.php?rest_route=\/wp\/v2\/media\/44791"}],"wp:attachment":[{"href":"https:\/\/encuentroinformativo.com.mx\/index.php?rest_route=%2Fwp%2Fv2%2Fmedia&parent=44790"}],"wp:term":[{"taxonomy":"category","embeddable":true,"href":"https:\/\/encuentroinformativo.com.mx\/index.php?rest_route=%2Fwp%2Fv2%2Fcategories&post=44790"},{"taxonomy":"post_tag","embeddable":true,"href":"https:\/\/encuentroinformativo.com.mx\/index.php?rest_route=%2Fwp%2Fv2%2Ftags&post=44790"}],"curies":[{"name":"wp","href":"https:\/\/api.w.org\/{rel}","templated":true}]}}