{"id":44803,"date":"2023-09-06T10:41:12","date_gmt":"2023-09-06T16:41:12","guid":{"rendered":"https:\/\/encuentroinformativo.com.mx\/?p=44803"},"modified":"2023-09-06T10:41:18","modified_gmt":"2023-09-06T16:41:18","slug":"el-castigo-de-rebeca","status":"publish","type":"post","link":"https:\/\/encuentroinformativo.com.mx\/?p=44803","title":{"rendered":"EL CASTIGO DE REBECA"},"content":{"rendered":"\n<p><strong>Los Pol\u00edticos<\/strong><\/p>\n\n\n\n<p><strong>Salvador Mu\u00f1oz<\/strong><\/p>\n\n\n\n<p>Miahuatl\u00e1n es un caso para Ripley!\u00a0<\/p>\n\n\n\n<p>Un veh\u00edculo oficial en d\u00eda no laboral, es usado como transporte particular para un evento partidista. A ello agregue que de dicha unidad, descendi\u00f3 la S\u00edndica de ese municipio para agredir a la reportera Ver\u00f3nica Huerta, quien de cierto modo, exhibi\u00f3 lo que podr\u00edamos llamar \u201cuso indebido de los recursos p\u00fablicos\u201d. \u00bfQuieren m\u00e1s? La s\u00edndica, tras la agresi\u00f3n, \u201chuy\u00f3\u201d en la ambulancia del DIF municipal de Miahuatl\u00e1n.<\/p>\n\n\n\n<p>Las consecuencias hasta el momento, es que el DIF Estatal le retir\u00f3 la ambulancia al Ayuntamiento por lo comentado en p\u00e1rrafo anterior.<\/p>\n\n\n\n<p>S\u00ed, a primera vista, parece un mero acto de justicia pero no\u2026<\/p>\n\n\n\n<p>La l\u00f3gica nos dice que quien debe ser \u201ccastigado\u201d o \u201ccastigados\u201d en primer lugar tendr\u00eda que ser el presidente municipal de Miahuatl\u00e1n, \u00d3scar Su\u00e1rez S\u00e1nchez, quien es evidente, en contubernio (no se le puede decir de otro modo) con la S\u00edndica Nellyda Anah\u00ed B\u00e1rcenas Vitte, usaron no s\u00f3lo la ambulancia del DIF municipal, sino que hasta agarraron de chofer, a un polic\u00eda local\u2026<\/p>\n\n\n\n<p>Y sin ser peritos en el tema, uno en su inocencia ciudadana considerar\u00eda que es seguro que alguna autoridad bien podr\u00eda sancionar a este alcalde y s\u00edndica con una amonestaci\u00f3n, suspensi\u00f3n, destituci\u00f3n y\/o inhabilitaci\u00f3n por los \u201ccargos\u201d aqu\u00ed enunciados, pero hasta el momento, parad\u00f3jicamente, el \u00fanico castigado por las arbitrariedades, desmanes, abuso de las autoridades municipales, ha sido su Pueblo\u2026<\/p>\n\n\n\n<p>Al Pueblo de Miahuatl\u00e1n, el DIF del Estado lo dej\u00f3 sin ambulancia lo que implica para sus ciudadanos gastos e incertidumbre, porque es evidente que sin una ambulancia municipal al servicio de la comunidad, si tienen que trasladar a un familiar para su atenci\u00f3n, tendr\u00e1n que hacerlo en un taxi, por hacerlo m\u00e1s f\u00e1cil, o contratar los servicios de una ambulancia particular\u2026 en pocas palabras, dejan a los vecinos de Miahuatl\u00e1n entre la espada y la pared, sin deberla ni temerla.<\/p>\n\n\n\n<p>Ojal\u00e1 Rebeca Quintanar Barcel\u00f3 medite qu\u00e9 tanto da\u00f1o puede hacer a una comunidad en aras de \u201ccastigar\u201d al Presidente Municipal y a la S\u00edndica quit\u00e1ndoles una ambulancia que ellos dieron uso pol\u00edtico a todas luces y que ello deriv\u00f3 en una agresi\u00f3n de una funcionaria a una periodista\u2026<\/p>\n\n\n\n<p>Si les quita la ambulancia, entonces deber\u00eda de haber de por medio igual una queja, no s\u00e9, ante el Congreso o bien, el diputado local de esa zona, llamar a cuentas al alcalde y a la s\u00edndica y por otro lado, entender que hubo una agresi\u00f3n que bien puede dar lugar a lo que desde un principio comentamos: amonestaci\u00f3n, suspensi\u00f3n, destituci\u00f3n y\/o inhabilitaci\u00f3n de estas autoridades que hacen lo que quieren con los recursos materiales y humanos, y adem\u00e1s de eso, son arbitrarios y prepotentes\u2026<\/p>\n\n\n\n<p>Aunque sobre todas las cosas, ojal\u00e1 entienda do\u00f1a Rebeca que el \u00fanico al que no debe castigar, es al Pueblo de Miahuatl\u00e1n.<\/p>\n","protected":false},"excerpt":{"rendered":"<p>Los Pol\u00edticos Salvador Mu\u00f1oz Miahuatl\u00e1n es un caso para Ripley!\u00a0 Un veh\u00edculo oficial en d\u00eda no laboral, es usado como transporte particular para un evento partidista. A ello agregue que de dicha unidad, descendi\u00f3 la S\u00edndica de ese municipio para agredir a la reportera Ver\u00f3nica Huerta, quien de cierto modo, exhibi\u00f3 lo que podr\u00edamos llamar [&hellip;]<\/p>\n","protected":false},"author":2476,"featured_media":387,"comment_status":"open","ping_status":"open","sticky":false,"template":"","format":"standard","meta":{"_jetpack_memberships_contains_paid_content":false,"footnotes":""},"categories":[11],"tags":[],"class_list":["post-44803","post","type-post","status-publish","format-standard","has-post-thumbnail","hentry","category-opinion"],"jetpack_featured_media_url":"https:\/\/encuentroinformativo.com.mx\/wp-content\/uploads\/2020\/03\/7CF8A22B-2764-47BE-8F7F-38FE9E5D6A2F.jpeg","jetpack_sharing_enabled":true,"jetpack_likes_enabled":true,"amp_enabled":true,"_links":{"self":[{"href":"https:\/\/encuentroinformativo.com.mx\/index.php?rest_route=\/wp\/v2\/posts\/44803","targetHints":{"allow":["GET"]}}],"collection":[{"href":"https:\/\/encuentroinformativo.com.mx\/index.php?rest_route=\/wp\/v2\/posts"}],"about":[{"href":"https:\/\/encuentroinformativo.com.mx\/index.php?rest_route=\/wp\/v2\/types\/post"}],"author":[{"embeddable":true,"href":"https:\/\/encuentroinformativo.com.mx\/index.php?rest_route=\/wp\/v2\/users\/2476"}],"replies":[{"embeddable":true,"href":"https:\/\/encuentroinformativo.com.mx\/index.php?rest_route=%2Fwp%2Fv2%2Fcomments&post=44803"}],"version-history":[{"count":1,"href":"https:\/\/encuentroinformativo.com.mx\/index.php?rest_route=\/wp\/v2\/posts\/44803\/revisions"}],"predecessor-version":[{"id":44804,"href":"https:\/\/encuentroinformativo.com.mx\/index.php?rest_route=\/wp\/v2\/posts\/44803\/revisions\/44804"}],"wp:featuredmedia":[{"embeddable":true,"href":"https:\/\/encuentroinformativo.com.mx\/index.php?rest_route=\/wp\/v2\/media\/387"}],"wp:attachment":[{"href":"https:\/\/encuentroinformativo.com.mx\/index.php?rest_route=%2Fwp%2Fv2%2Fmedia&parent=44803"}],"wp:term":[{"taxonomy":"category","embeddable":true,"href":"https:\/\/encuentroinformativo.com.mx\/index.php?rest_route=%2Fwp%2Fv2%2Fcategories&post=44803"},{"taxonomy":"post_tag","embeddable":true,"href":"https:\/\/encuentroinformativo.com.mx\/index.php?rest_route=%2Fwp%2Fv2%2Ftags&post=44803"}],"curies":[{"name":"wp","href":"https:\/\/api.w.org\/{rel}","templated":true}]}}