{"id":44809,"date":"2023-09-06T11:23:57","date_gmt":"2023-09-06T17:23:57","guid":{"rendered":"https:\/\/encuentroinformativo.com.mx\/?p=44809"},"modified":"2023-09-06T11:24:01","modified_gmt":"2023-09-06T17:24:01","slug":"regularizaran-a-familias-de-colonia-borunda-en-el-puerto","status":"publish","type":"post","link":"https:\/\/encuentroinformativo.com.mx\/?p=44809","title":{"rendered":"Regularizar\u00e1n a familias de colonia Borunda en el puerto"},"content":{"rendered":"\n<p><strong>Alejandro \u00c1vila<\/strong><\/p>\n\n\n\n<p>Veracruz, Ver.- Aproximadamente mil 500 familias de la colonia Rosa Borunda del municipio de Veracruz y que viven en la ilegalidad, tendr\u00e1n que irse regularizando poco a poco tras la nueva obra que inaugur\u00f3 el Ayuntamiento de Veracruz.<\/p>\n\n\n\n<p>Este mi\u00e9rcoles 6 de septiembre, la alcaldesa, Patricia Lobeira Rodr\u00edguez, dio el banderazo de inicio de obra del acceso al fraccionamiento Laguna Real en el tramo que pasa por la colonia irregular Rosa Borunda, espacio que fue invadido a mediados de la administraci\u00f3n del ex gobernador, Fidel Herrera Beltr\u00e1n.<\/p>\n\n\n\n<p>&#8220;Es un avance, la colonia se tiene que ir poco a poco regularizando, ya quedamos con los vecinos de esta colonia que poco a poco los vamos a ir ayudando para que puedan hacer sus tr\u00e1mites ah\u00ed en INSUS (Instituto Nacional del Suelo Sustentable) donde tienen que regularizarse&#8221;, dijo la alcaldesa.<\/p>\n\n\n\n<p>La presidenta municipal mencion\u00f3 que para esta obra se invertir\u00e1n 5 millones de pesos, y adem\u00e1s de la pavimentaci\u00f3n en asfalto, se har\u00e1 tambi\u00e9n, banquetas, guarniciones y se pondr\u00e1 alumbrado p\u00fablico sobre la avenida Laguna Real hasta avenida Violetas.<\/p>\n","protected":false},"excerpt":{"rendered":"<p>Alejandro \u00c1vila Veracruz, Ver.- Aproximadamente mil 500 familias de la colonia Rosa Borunda del municipio de Veracruz y que viven en la ilegalidad, tendr\u00e1n que irse regularizando poco a poco tras la nueva obra que inaugur\u00f3 el Ayuntamiento de Veracruz. Este mi\u00e9rcoles 6 de septiembre, la alcaldesa, Patricia Lobeira Rodr\u00edguez, dio el banderazo de inicio [&hellip;]<\/p>\n","protected":false},"author":2476,"featured_media":44810,"comment_status":"open","ping_status":"open","sticky":false,"template":"","format":"standard","meta":{"_jetpack_memberships_contains_paid_content":false,"footnotes":""},"categories":[2],"tags":[],"class_list":["post-44809","post","type-post","status-publish","format-standard","has-post-thumbnail","hentry","category-estado"],"jetpack_featured_media_url":"https:\/\/encuentroinformativo.com.mx\/wp-content\/uploads\/2023\/09\/IMG-20230906-WA0025.jpg","jetpack_sharing_enabled":true,"jetpack_likes_enabled":true,"amp_enabled":true,"_links":{"self":[{"href":"https:\/\/encuentroinformativo.com.mx\/index.php?rest_route=\/wp\/v2\/posts\/44809","targetHints":{"allow":["GET"]}}],"collection":[{"href":"https:\/\/encuentroinformativo.com.mx\/index.php?rest_route=\/wp\/v2\/posts"}],"about":[{"href":"https:\/\/encuentroinformativo.com.mx\/index.php?rest_route=\/wp\/v2\/types\/post"}],"author":[{"embeddable":true,"href":"https:\/\/encuentroinformativo.com.mx\/index.php?rest_route=\/wp\/v2\/users\/2476"}],"replies":[{"embeddable":true,"href":"https:\/\/encuentroinformativo.com.mx\/index.php?rest_route=%2Fwp%2Fv2%2Fcomments&post=44809"}],"version-history":[{"count":1,"href":"https:\/\/encuentroinformativo.com.mx\/index.php?rest_route=\/wp\/v2\/posts\/44809\/revisions"}],"predecessor-version":[{"id":44811,"href":"https:\/\/encuentroinformativo.com.mx\/index.php?rest_route=\/wp\/v2\/posts\/44809\/revisions\/44811"}],"wp:featuredmedia":[{"embeddable":true,"href":"https:\/\/encuentroinformativo.com.mx\/index.php?rest_route=\/wp\/v2\/media\/44810"}],"wp:attachment":[{"href":"https:\/\/encuentroinformativo.com.mx\/index.php?rest_route=%2Fwp%2Fv2%2Fmedia&parent=44809"}],"wp:term":[{"taxonomy":"category","embeddable":true,"href":"https:\/\/encuentroinformativo.com.mx\/index.php?rest_route=%2Fwp%2Fv2%2Fcategories&post=44809"},{"taxonomy":"post_tag","embeddable":true,"href":"https:\/\/encuentroinformativo.com.mx\/index.php?rest_route=%2Fwp%2Fv2%2Ftags&post=44809"}],"curies":[{"name":"wp","href":"https:\/\/api.w.org\/{rel}","templated":true}]}}