{"id":44812,"date":"2023-09-06T11:28:30","date_gmt":"2023-09-06T17:28:30","guid":{"rendered":"https:\/\/encuentroinformativo.com.mx\/?p=44812"},"modified":"2023-09-06T11:28:33","modified_gmt":"2023-09-06T17:28:33","slug":"comerciantes-desalojados-en-malecon-de-veracruz-ocupaban-terreno-privado","status":"publish","type":"post","link":"https:\/\/encuentroinformativo.com.mx\/?p=44812","title":{"rendered":"Comerciantes desalojados en Malec\u00f3n de Veracruz ocupaban terreno privado"},"content":{"rendered":"\n<p><strong>Alejandro \u00c1vila<\/strong><\/p>\n\n\n\n<p><strong>Fotos: <\/strong>F\u00e9lix M\u00e1rquez\/Cortes\u00eda <\/p>\n\n\n\n<p>Veracruz, Ver.- El director de Gobernaci\u00f3n del Ayuntamiento de Veracruz, Jorge Carlos Bobadilla Carpi, confirm\u00f3 el desalojo a comerciantes del malec\u00f3n ejecutado la ma\u00f1ana de este mi\u00e9rcoles, aunque aclar\u00f3 que estos utilizaban un terreno privado.<\/p>\n\n\n\n<p>El funcionario municipal explic\u00f3 que, dicho desalojo deriva de un juicio civil promovido por un particular desde el a\u00f1o 2015 en el Juzgado Segundo de Primera Instancia, y donde el propietario del inmueble demanda la desocupaci\u00f3n.<\/p>\n\n\n\n<p>Jorge Carlos Bobadilla aclar\u00f3 que la presencia de la Polic\u00eda Naval, la Secretar\u00eda de Seguridad P\u00fablica (SSP), Polic\u00eda Municipal y personal de la direcci\u00f3n de Gobernaci\u00f3n, solo es una medida protocolaria para resguardar al personal actuante que ejecuta el desalojo.<\/p>\n\n\n\n<p>&#8220;Nosotros como Ayuntamiento \u00fanicamente estamos acatando una orden judicial, y el proceso que establece el C\u00f3digo Civil, es que el Juzgado le dar\u00e1 posesi\u00f3n al propietario y se har\u00e1 un inventario de los bienes muebles que hay adentro y le ser\u00e1n entregados a su due\u00f1o (\u2026) el tema de los vendedores artesanos, ellos ocupaban la posesi\u00f3n de un particular, no ocupaban un bien p\u00fablico, por lo tanto el Ayuntamiento como tal, no tenemos la condici\u00f3n de darles una opci\u00f3n donde trabajar, que es la parte que ellos eventualmente no entend\u00edan, qui\u00e9n los est\u00e1 lanzando es un particular&#8221;, asest\u00f3.<\/p>\n\n\n\n<figure class=\"wp-block-image size-large\"><img loading=\"lazy\" decoding=\"async\" width=\"1024\" height=\"768\" src=\"https:\/\/encuentroinformativo.com.mx\/wp-content\/uploads\/2023\/09\/IMG-20230906-WA0023-1024x768.jpg\" alt=\"\" class=\"wp-image-44814\" srcset=\"https:\/\/encuentroinformativo.com.mx\/wp-content\/uploads\/2023\/09\/IMG-20230906-WA0023-1024x768.jpg 1024w, https:\/\/encuentroinformativo.com.mx\/wp-content\/uploads\/2023\/09\/IMG-20230906-WA0023-300x225.jpg 300w, https:\/\/encuentroinformativo.com.mx\/wp-content\/uploads\/2023\/09\/IMG-20230906-WA0023-768x576.jpg 768w, https:\/\/encuentroinformativo.com.mx\/wp-content\/uploads\/2023\/09\/IMG-20230906-WA0023-1536x1152.jpg 1536w, https:\/\/encuentroinformativo.com.mx\/wp-content\/uploads\/2023\/09\/IMG-20230906-WA0023.jpg 1600w\" sizes=\"auto, (max-width: 1024px) 100vw, 1024px\" \/><\/figure>\n\n\n\n<figure class=\"wp-block-image size-large\"><img loading=\"lazy\" decoding=\"async\" width=\"1024\" height=\"768\" src=\"https:\/\/encuentroinformativo.com.mx\/wp-content\/uploads\/2023\/09\/IMG-20230906-WA0021-1024x768.jpg\" alt=\"\" class=\"wp-image-44815\" srcset=\"https:\/\/encuentroinformativo.com.mx\/wp-content\/uploads\/2023\/09\/IMG-20230906-WA0021-1024x768.jpg 1024w, https:\/\/encuentroinformativo.com.mx\/wp-content\/uploads\/2023\/09\/IMG-20230906-WA0021-300x225.jpg 300w, https:\/\/encuentroinformativo.com.mx\/wp-content\/uploads\/2023\/09\/IMG-20230906-WA0021-768x576.jpg 768w, https:\/\/encuentroinformativo.com.mx\/wp-content\/uploads\/2023\/09\/IMG-20230906-WA0021-1536x1152.jpg 1536w, https:\/\/encuentroinformativo.com.mx\/wp-content\/uploads\/2023\/09\/IMG-20230906-WA0021.jpg 1600w\" sizes=\"auto, (max-width: 1024px) 100vw, 1024px\" \/><\/figure>\n","protected":false},"excerpt":{"rendered":"<p>Alejandro \u00c1vila Fotos: F\u00e9lix M\u00e1rquez\/Cortes\u00eda Veracruz, Ver.- El director de Gobernaci\u00f3n del Ayuntamiento de Veracruz, Jorge Carlos Bobadilla Carpi, confirm\u00f3 el desalojo a comerciantes del malec\u00f3n ejecutado la ma\u00f1ana de este mi\u00e9rcoles, aunque aclar\u00f3 que estos utilizaban un terreno privado. El funcionario municipal explic\u00f3 que, dicho desalojo deriva de un juicio civil promovido por un [&hellip;]<\/p>\n","protected":false},"author":2476,"featured_media":44813,"comment_status":"open","ping_status":"open","sticky":false,"template":"","format":"standard","meta":{"_jetpack_memberships_contains_paid_content":false,"footnotes":""},"categories":[2],"tags":[],"class_list":["post-44812","post","type-post","status-publish","format-standard","has-post-thumbnail","hentry","category-estado"],"jetpack_featured_media_url":"https:\/\/encuentroinformativo.com.mx\/wp-content\/uploads\/2023\/09\/IMG-20230906-WA0022.jpg","jetpack_sharing_enabled":true,"jetpack_likes_enabled":true,"amp_enabled":true,"_links":{"self":[{"href":"https:\/\/encuentroinformativo.com.mx\/index.php?rest_route=\/wp\/v2\/posts\/44812","targetHints":{"allow":["GET"]}}],"collection":[{"href":"https:\/\/encuentroinformativo.com.mx\/index.php?rest_route=\/wp\/v2\/posts"}],"about":[{"href":"https:\/\/encuentroinformativo.com.mx\/index.php?rest_route=\/wp\/v2\/types\/post"}],"author":[{"embeddable":true,"href":"https:\/\/encuentroinformativo.com.mx\/index.php?rest_route=\/wp\/v2\/users\/2476"}],"replies":[{"embeddable":true,"href":"https:\/\/encuentroinformativo.com.mx\/index.php?rest_route=%2Fwp%2Fv2%2Fcomments&post=44812"}],"version-history":[{"count":1,"href":"https:\/\/encuentroinformativo.com.mx\/index.php?rest_route=\/wp\/v2\/posts\/44812\/revisions"}],"predecessor-version":[{"id":44816,"href":"https:\/\/encuentroinformativo.com.mx\/index.php?rest_route=\/wp\/v2\/posts\/44812\/revisions\/44816"}],"wp:featuredmedia":[{"embeddable":true,"href":"https:\/\/encuentroinformativo.com.mx\/index.php?rest_route=\/wp\/v2\/media\/44813"}],"wp:attachment":[{"href":"https:\/\/encuentroinformativo.com.mx\/index.php?rest_route=%2Fwp%2Fv2%2Fmedia&parent=44812"}],"wp:term":[{"taxonomy":"category","embeddable":true,"href":"https:\/\/encuentroinformativo.com.mx\/index.php?rest_route=%2Fwp%2Fv2%2Fcategories&post=44812"},{"taxonomy":"post_tag","embeddable":true,"href":"https:\/\/encuentroinformativo.com.mx\/index.php?rest_route=%2Fwp%2Fv2%2Ftags&post=44812"}],"curies":[{"name":"wp","href":"https:\/\/api.w.org\/{rel}","templated":true}]}}