{"id":44825,"date":"2023-09-06T13:25:02","date_gmt":"2023-09-06T19:25:02","guid":{"rendered":"https:\/\/encuentroinformativo.com.mx\/?p=44825"},"modified":"2023-09-06T13:25:06","modified_gmt":"2023-09-06T19:25:06","slug":"persisten-anomalias-en-caso-amsa-ejercen-triple-venganza-denuncian-cafetaleros","status":"publish","type":"post","link":"https:\/\/encuentroinformativo.com.mx\/?p=44825","title":{"rendered":"Persisten anomal\u00edas en caso AMSA; ejercen &#8220;triple venganza&#8221;, denuncian cafetaleros"},"content":{"rendered":"\n<p><strong>Juan Arcos <\/strong><\/p>\n\n\n\n<p>Xalapa, Ver.- Cafetaleros denunciaron que la empresa Agroindustrias Unidas de M\u00e9xico (AMSA) insiste en ejercer una \u201ctriple venganza\u201d contra el sector productivo que se manifestaba para exigir mejores precios del caf\u00e9.<\/p>\n\n\n\n<p>En conferencia de prensa, realizada en la zona centro de Xalapa, el asesor general de la Coordinadora Nacional de Organizaciones Cafetaleras (CNOC), Fernando Celis Callejas, consider\u00f3 que persiste una presunta corrupci\u00f3n en la demanda que sigue AMSA contra los cafetaleros y que mantiene en prisi\u00f3n a Viridiana Bret\u00f3n, exalcaldesa de Ixhuatl\u00e1n del Caf\u00e9, y Cristanto Valiente.<\/p>\n\n\n\n<p>El l\u00edder de los productores record\u00f3 que la compa\u00f1\u00eda acus\u00f3 en su demanda a un cafetalero que falleci\u00f3 hace 19 a\u00f1os y se llamaba Jos\u00e9 David Escobar V\u00e1zquez. Adem\u00e1s, de que se han detectado muchas anomal\u00edas en el expediente contra los campesinos.<\/p>\n\n\n\n<p>\u201cEl que hizo el expediente se agarr\u00f3 de unas fotos y un video de una asamblea, dijo: aqu\u00ed est\u00e1 Cirio, est\u00e1 Crisanto, testigos que dicen que los vieron, nosotros decimos que fue una asociaci\u00f3n delictuosa, porque el gerente de la empresa se asoci\u00f3 con varios para cometer un delito, ya estamos viendo contrademandarlos por eso\u201d.<\/p>\n\n\n\n<p>Celis Callejas indic\u00f3 que la empresa acus\u00f3 tambi\u00e9n a Alfonso Herrera, un se\u00f1or con discapacidad, que se traslada en silla de ruedas, y ni siquiera particip\u00f3 en las manifestaciones contra el castigo en los precios del caf\u00e9 por parte de las transnacionales.<\/p>\n\n\n\n<p>Sin embargo, en una asamblea del a\u00f1o 2020, que consta en un video, acus\u00f3 p\u00fablicamente a los administradores de AMSA de que no le pagaban el uso de su terreno para la tuber\u00eda de agua que abastece al beneficio del caf\u00e9 en Ixhuatl\u00e1n del Caf\u00e9.<\/p>\n\n\n\n<p>\u201cPor su terreno pasaba el ducto de agua y por eso lo metieron en la acusaci\u00f3n, para lavar ese caf\u00e9 se necesita mucha agua. Hab\u00edan acordado pagarle pero no le hab\u00edan pagado, entonces tambi\u00e9n lo acusaron, por eso es una triple venganza. Adem\u00e1s incluye a un se\u00f1or que est\u00e1 muerto desde hace 19 a\u00f1os. La empresa ya dijo: yo no elabor\u00e9 el expediente, lo hicieron con las patas ese expediente\u201d.<\/p>\n\n\n\n<p>Los cafetaleros exigieron la liberaci\u00f3n inmediata de Viridiana Bret\u00f3n y Crisanto Valiente, as\u00ed como tambi\u00e9n, el retiro de las \u00f3rdenes de aprehensi\u00f3n contra otras siete personas.<\/p>\n\n\n\n<p>\u201cLa empresa mont\u00f3 la demanda con tres cuestiones distintas, lo de Viridiana es por cuestiones pol\u00edticas, lo de los compa\u00f1eros porque protestaron por los precios pero metieron tambi\u00e9n al se\u00f1or que anda en silla de ruedas Alfonso Herrera. Por eso decimos que es una triple venganza\u201d, insisti\u00f3 Celis Callejas.<\/p>\n","protected":false},"excerpt":{"rendered":"<p>Juan Arcos Xalapa, Ver.- Cafetaleros denunciaron que la empresa Agroindustrias Unidas de M\u00e9xico (AMSA) insiste en ejercer una \u201ctriple venganza\u201d contra el sector productivo que se manifestaba para exigir mejores precios del caf\u00e9. En conferencia de prensa, realizada en la zona centro de Xalapa, el asesor general de la Coordinadora Nacional de Organizaciones Cafetaleras (CNOC), [&hellip;]<\/p>\n","protected":false},"author":2476,"featured_media":44826,"comment_status":"open","ping_status":"open","sticky":false,"template":"","format":"standard","meta":{"_jetpack_memberships_contains_paid_content":false,"footnotes":""},"categories":[2],"tags":[],"class_list":["post-44825","post","type-post","status-publish","format-standard","has-post-thumbnail","hentry","category-estado"],"jetpack_featured_media_url":"https:\/\/encuentroinformativo.com.mx\/wp-content\/uploads\/2023\/09\/909d416c-be48-48c6-b4e4-feac794d1759.jpg","jetpack_sharing_enabled":true,"jetpack_likes_enabled":true,"amp_enabled":true,"_links":{"self":[{"href":"https:\/\/encuentroinformativo.com.mx\/index.php?rest_route=\/wp\/v2\/posts\/44825","targetHints":{"allow":["GET"]}}],"collection":[{"href":"https:\/\/encuentroinformativo.com.mx\/index.php?rest_route=\/wp\/v2\/posts"}],"about":[{"href":"https:\/\/encuentroinformativo.com.mx\/index.php?rest_route=\/wp\/v2\/types\/post"}],"author":[{"embeddable":true,"href":"https:\/\/encuentroinformativo.com.mx\/index.php?rest_route=\/wp\/v2\/users\/2476"}],"replies":[{"embeddable":true,"href":"https:\/\/encuentroinformativo.com.mx\/index.php?rest_route=%2Fwp%2Fv2%2Fcomments&post=44825"}],"version-history":[{"count":1,"href":"https:\/\/encuentroinformativo.com.mx\/index.php?rest_route=\/wp\/v2\/posts\/44825\/revisions"}],"predecessor-version":[{"id":44827,"href":"https:\/\/encuentroinformativo.com.mx\/index.php?rest_route=\/wp\/v2\/posts\/44825\/revisions\/44827"}],"wp:featuredmedia":[{"embeddable":true,"href":"https:\/\/encuentroinformativo.com.mx\/index.php?rest_route=\/wp\/v2\/media\/44826"}],"wp:attachment":[{"href":"https:\/\/encuentroinformativo.com.mx\/index.php?rest_route=%2Fwp%2Fv2%2Fmedia&parent=44825"}],"wp:term":[{"taxonomy":"category","embeddable":true,"href":"https:\/\/encuentroinformativo.com.mx\/index.php?rest_route=%2Fwp%2Fv2%2Fcategories&post=44825"},{"taxonomy":"post_tag","embeddable":true,"href":"https:\/\/encuentroinformativo.com.mx\/index.php?rest_route=%2Fwp%2Fv2%2Ftags&post=44825"}],"curies":[{"name":"wp","href":"https:\/\/api.w.org\/{rel}","templated":true}]}}