{"id":44832,"date":"2023-09-06T14:19:15","date_gmt":"2023-09-06T20:19:15","guid":{"rendered":"https:\/\/encuentroinformativo.com.mx\/?p=44832"},"modified":"2023-09-06T14:19:19","modified_gmt":"2023-09-06T20:19:19","slug":"docentes-indigenas-protestan-en-la-sev-reclaman-espacios","status":"publish","type":"post","link":"https:\/\/encuentroinformativo.com.mx\/?p=44832","title":{"rendered":"Docentes ind\u00edgenas protestan en la SEV, reclaman espacios"},"content":{"rendered":"\n<p><strong>Juan Arcos <\/strong><\/p>\n\n\n\n<p>Xalapa, Ver.- Docentes de zonas ind\u00edgenas protestaron afuera de las oficinas centrales de la Secretar\u00eda de Educaci\u00f3n de Veracruz (SEV), en la ciudad de Xalapa, para exigir que sean contratados.<\/p>\n\n\n\n<p>Los quejosos se plantaron afuera de la dependencia estatal, ubicada sobre la carretera federal Xalapa-Veracruz, debido a que llevan m\u00e1s de un mes sin una respuesta favorable por parte de la SEV.<\/p>\n\n\n\n<p>Comentaron de manera an\u00f3nima que se encuentran inactivos y el personal de la dependencia s\u00f3lo les dice que su tr\u00e1mite est\u00e1 en proceso.<\/p>\n\n\n\n<p>\u201cEstamos presentes por la \u00fanica raz\u00f3n de que no nos han dado un contrato, tenemos m\u00e1s de un mes sin recibir respuesta positiva. Ya tenemos rato en la ciudad de Xalapa y nos dicen que est\u00e1 en proceso, que no se puede o que est\u00e1 en negociaci\u00f3n\u201d.<\/p>\n\n\n\n<p>Se habla de m\u00e1s de 100 docentes ind\u00edgenas que est\u00e1n siendo afectados por falta de empleo, debido a que no han sido contratados.<\/p>\n\n\n\n<p>Ellos radican en las zonas de Papantla, Tres Valles, C\u00f3rdoba, Zongolica, Ciudad Mendoza, Orizaba y Tehuipango, por mencionar algunos lugares.<\/p>\n\n\n\n<p>Los quejosos exigieron una audiencia con el titular de la Secretar\u00eda de Educaci\u00f3n de Veracruz, Zenyazen Escobar Garc\u00eda, para que sean atendidas sus demandas.<\/p>\n","protected":false},"excerpt":{"rendered":"<p>Juan Arcos Xalapa, Ver.- Docentes de zonas ind\u00edgenas protestaron afuera de las oficinas centrales de la Secretar\u00eda de Educaci\u00f3n de Veracruz (SEV), en la ciudad de Xalapa, para exigir que sean contratados. Los quejosos se plantaron afuera de la dependencia estatal, ubicada sobre la carretera federal Xalapa-Veracruz, debido a que llevan m\u00e1s de un mes [&hellip;]<\/p>\n","protected":false},"author":2476,"featured_media":44833,"comment_status":"open","ping_status":"open","sticky":false,"template":"","format":"standard","meta":{"_jetpack_memberships_contains_paid_content":false,"footnotes":""},"categories":[3],"tags":[],"class_list":["post-44832","post","type-post","status-publish","format-standard","has-post-thumbnail","hentry","category-xalapa"],"jetpack_featured_media_url":"https:\/\/encuentroinformativo.com.mx\/wp-content\/uploads\/2023\/09\/ca2b538c-ecfc-40ef-8a40-f0e6950c8142.jpg","jetpack_sharing_enabled":true,"jetpack_likes_enabled":true,"amp_enabled":true,"_links":{"self":[{"href":"https:\/\/encuentroinformativo.com.mx\/index.php?rest_route=\/wp\/v2\/posts\/44832","targetHints":{"allow":["GET"]}}],"collection":[{"href":"https:\/\/encuentroinformativo.com.mx\/index.php?rest_route=\/wp\/v2\/posts"}],"about":[{"href":"https:\/\/encuentroinformativo.com.mx\/index.php?rest_route=\/wp\/v2\/types\/post"}],"author":[{"embeddable":true,"href":"https:\/\/encuentroinformativo.com.mx\/index.php?rest_route=\/wp\/v2\/users\/2476"}],"replies":[{"embeddable":true,"href":"https:\/\/encuentroinformativo.com.mx\/index.php?rest_route=%2Fwp%2Fv2%2Fcomments&post=44832"}],"version-history":[{"count":1,"href":"https:\/\/encuentroinformativo.com.mx\/index.php?rest_route=\/wp\/v2\/posts\/44832\/revisions"}],"predecessor-version":[{"id":44834,"href":"https:\/\/encuentroinformativo.com.mx\/index.php?rest_route=\/wp\/v2\/posts\/44832\/revisions\/44834"}],"wp:featuredmedia":[{"embeddable":true,"href":"https:\/\/encuentroinformativo.com.mx\/index.php?rest_route=\/wp\/v2\/media\/44833"}],"wp:attachment":[{"href":"https:\/\/encuentroinformativo.com.mx\/index.php?rest_route=%2Fwp%2Fv2%2Fmedia&parent=44832"}],"wp:term":[{"taxonomy":"category","embeddable":true,"href":"https:\/\/encuentroinformativo.com.mx\/index.php?rest_route=%2Fwp%2Fv2%2Fcategories&post=44832"},{"taxonomy":"post_tag","embeddable":true,"href":"https:\/\/encuentroinformativo.com.mx\/index.php?rest_route=%2Fwp%2Fv2%2Ftags&post=44832"}],"curies":[{"name":"wp","href":"https:\/\/api.w.org\/{rel}","templated":true}]}}