{"id":44842,"date":"2023-09-06T11:25:34","date_gmt":"2023-09-06T17:25:34","guid":{"rendered":"https:\/\/encuentroinformativo.com.mx\/?p=44842"},"modified":"2023-09-06T16:48:41","modified_gmt":"2023-09-06T22:48:41","slug":"requiere-uv-mayor-presupuesto-para-ampliar-matricula-martin-aguilar","status":"publish","type":"post","link":"https:\/\/encuentroinformativo.com.mx\/?p=44842","title":{"rendered":"Requiere UV mayor presupuesto para ampliar matr\u00edcula: Mart\u00edn Aguilar"},"content":{"rendered":"\n<p><strong>Dar\u00edo Pale <\/strong><\/p>\n\n\n\n<p>Xalapa,Ver.- Para ampliar la matr\u00edcula en la Universidad Veracruzana (UV), se necesita mayor presupuesto, para el pr\u00f3ximo a\u00f1o espera rector que les den el 4 por ciento que por ley les toca, ya pagaron adeudos a Fesapauv de 2022, as\u00ed lo inform\u00f3 el rector Mart\u00edn Aguilar S\u00e1nchez.<\/p>\n\n\n\n<p>En entrevista respondi\u00f3 que para poder incrementar la matr\u00edcula escolar como lo sugiri\u00f3 el secretario de Educaci\u00f3n, Zenyazen Escobar, se requiere de mayor presupuesto.<\/p>\n\n\n\n<p>&#8220;Ustedes saben que tenemos una solicitud muy amplia en la UV, se queda el 50 por ciento de estudiantes (que aspiran a ingresar) fuera. Nosotros hicimos ya un programa de ampliaci\u00f3n de la matr\u00edcula con el presupuesto de la Universidad&#8221;, se\u00f1al\u00f3.<\/p>\n\n\n\n<p>&#8220;Pero eso nos dar\u00eda, de aqu\u00ed al 2025, cinco mil estudiantes m\u00e1s de ingreso. Entonces s\u00ed queremos ampliar con mayor intensidad la matr\u00edcula, necesitamos m\u00e1s recurso para responder&#8221;, agreg\u00f3.<\/p>\n\n\n\n<p>Resalt\u00f3 que esta es una cuesti\u00f3n de todas las universidades p\u00fablicas del Pa\u00eds, por lo que hay que estar concientes de que para ampliar la matr\u00edcula se necesita de mayor presupuesto.<\/p>\n\n\n\n<p>Aguilar S\u00e1nchez coment\u00f3 que tambi\u00e9n es necesario ser transparentes con los recursos para que lo que le den se use en los planes que tiene, ya que el plan para el pr\u00f3ximo a\u00f1o es que puedan ingresar de mil a mil 200 estudiantes m\u00e1s de los que regularmente ingresan.<\/p>\n\n\n\n<p>&#8220;Si nosotros recibimos un poco m\u00e1s de recursos para la ampliaci\u00f3n de la matr\u00edcula, seguramente incrementaremos la matr\u00edcula. Primero que nos den el recurso y despu\u00e9s ya le dir\u00eda para cu\u00e1ntos&#8221;, coment\u00f3.<\/p>\n\n\n\n<p>Asimismo, luego de que el secretario de Finanzas, Jos\u00e9 Luis Lima Franco asegur\u00f3 que no le debe nada a la Universidad, dijo que espera que para el pr\u00f3ximo a\u00f1o s\u00ed se le d\u00e9 lo correspondiente al 4 por ciento del total del presupuesto del Estado que por ley le corresponde.<\/p>\n\n\n\n<p>Refiri\u00f3 que en el pasado Consejo Universitario acordaron solicitar ese 4 por ciento y establecer un di\u00e1logo continuo con la administraci\u00f3n estatal.<\/p>\n\n\n\n<p>Cuestionado en relaci\u00f3n a lo que dio a conocer el secretario general de Fesapauv, Enrique Levet Gorozpe, en el sentido de que les adeudan diversas preparaciones, asegur\u00f3 que ya les pagaron los adeudos de 2022 y espera que lo de 2023 lo paguen antes de que concluya el a\u00f1o.<br>Indic\u00f3 que a partir de la pandemia se jubil\u00f3 casi un cien por ciento m\u00e1s de profesores por distintos motivos, pero principalmente por la pandemia.<\/p>\n\n\n\n<p>Finalmente se\u00f1al\u00f3 que, &#8220;entonces para ponernos en orden necesitamos un poco m\u00e1s de recursos, pero lo estamos pagando, s\u00f3lo que nos retrasamos un poco m\u00e1s. Terminamos de pagar 2022 y estamos ya pagando 2023, seguramente a finales pagaremos lo que respecta a 2023&#8221;.<\/p>\n","protected":false},"excerpt":{"rendered":"<p>Dar\u00edo Pale Xalapa,Ver.- Para ampliar la matr\u00edcula en la Universidad Veracruzana (UV), se necesita mayor presupuesto, para el pr\u00f3ximo a\u00f1o espera rector que les den el 4 por ciento que por ley les toca, ya pagaron adeudos a Fesapauv de 2022, as\u00ed lo inform\u00f3 el rector Mart\u00edn Aguilar S\u00e1nchez. En entrevista respondi\u00f3 que para poder [&hellip;]<\/p>\n","protected":false},"author":2476,"featured_media":44843,"comment_status":"open","ping_status":"open","sticky":false,"template":"","format":"standard","meta":{"_jetpack_memberships_contains_paid_content":false,"footnotes":""},"categories":[2],"tags":[],"class_list":["post-44842","post","type-post","status-publish","format-standard","has-post-thumbnail","hentry","category-estado"],"jetpack_featured_media_url":"https:\/\/encuentroinformativo.com.mx\/wp-content\/uploads\/2023\/09\/IMG-20230906-WA0062.jpg","jetpack_sharing_enabled":true,"jetpack_likes_enabled":true,"amp_enabled":true,"_links":{"self":[{"href":"https:\/\/encuentroinformativo.com.mx\/index.php?rest_route=\/wp\/v2\/posts\/44842","targetHints":{"allow":["GET"]}}],"collection":[{"href":"https:\/\/encuentroinformativo.com.mx\/index.php?rest_route=\/wp\/v2\/posts"}],"about":[{"href":"https:\/\/encuentroinformativo.com.mx\/index.php?rest_route=\/wp\/v2\/types\/post"}],"author":[{"embeddable":true,"href":"https:\/\/encuentroinformativo.com.mx\/index.php?rest_route=\/wp\/v2\/users\/2476"}],"replies":[{"embeddable":true,"href":"https:\/\/encuentroinformativo.com.mx\/index.php?rest_route=%2Fwp%2Fv2%2Fcomments&post=44842"}],"version-history":[{"count":1,"href":"https:\/\/encuentroinformativo.com.mx\/index.php?rest_route=\/wp\/v2\/posts\/44842\/revisions"}],"predecessor-version":[{"id":44844,"href":"https:\/\/encuentroinformativo.com.mx\/index.php?rest_route=\/wp\/v2\/posts\/44842\/revisions\/44844"}],"wp:featuredmedia":[{"embeddable":true,"href":"https:\/\/encuentroinformativo.com.mx\/index.php?rest_route=\/wp\/v2\/media\/44843"}],"wp:attachment":[{"href":"https:\/\/encuentroinformativo.com.mx\/index.php?rest_route=%2Fwp%2Fv2%2Fmedia&parent=44842"}],"wp:term":[{"taxonomy":"category","embeddable":true,"href":"https:\/\/encuentroinformativo.com.mx\/index.php?rest_route=%2Fwp%2Fv2%2Fcategories&post=44842"},{"taxonomy":"post_tag","embeddable":true,"href":"https:\/\/encuentroinformativo.com.mx\/index.php?rest_route=%2Fwp%2Fv2%2Ftags&post=44842"}],"curies":[{"name":"wp","href":"https:\/\/api.w.org\/{rel}","templated":true}]}}