{"id":44848,"date":"2023-09-06T22:00:38","date_gmt":"2023-09-07T04:00:38","guid":{"rendered":"https:\/\/encuentroinformativo.com.mx\/?p=44848"},"modified":"2023-09-06T22:00:43","modified_gmt":"2023-09-07T04:00:43","slug":"simpatizantes-muestran-respaldo-a-claudia-sheinbaum","status":"publish","type":"post","link":"https:\/\/encuentroinformativo.com.mx\/?p=44848","title":{"rendered":"Simpatizantes muestran respaldo a Claudia Sheinbaum"},"content":{"rendered":"\n<p><strong>Juan Arcos <\/strong><\/p>\n\n\n\n<p>Xalapa, Ver.- Integrantes de la asociaci\u00f3n civil Unidos Todos se concentraron en Plaza Sebasti\u00e1n Lerdo de Tejada, en la zona centro de Xalapa, la capital de Veracruz, para respaldar a Claudia Sheinbaum, previo a los resultados de la encuesta del Movimiento de Regeneraci\u00f3n Nacional (Morena).<\/p>\n\n\n\n<p>La organizaci\u00f3n es presidida por Eleazar Guerrero P\u00e9rez, subsecretario de Finanzas y Administraci\u00f3n, considerado uno de los operadores pol\u00edticos del actual sexenio morenista.<\/p>\n\n\n\n<p>Decenas de personas portan playeras blancas con diversos mensajes, como: \u201cestamos contigo Claudia\u201d, \u201cunidos todos\u201d y \u201cMaestros con Morena (MCM)\u201d. Tambi\u00e9n llevaban sombrillas con las siglas de Morena para cubrirse de la llovizna xalape\u00f1a.<\/p>\n\n\n\n<p>Frente al Palacio de Gobierno y a un costado de la Catedral Metropolitana de Xalapa se concentraron algunos funcionarios, como el titular de la Secretar\u00eda de Educaci\u00f3n de Veracruz (SEV), Zenyazen Escobar Garc\u00eda, quien se destap\u00f3 este mi\u00e9rcoles 6 de septiembre para buscar un cargo de elecci\u00f3n popular en este proceso 2023-2024.<\/p>\n\n\n\n<p>El Secretario de Educaci\u00f3n asegur\u00f3 que se trat\u00f3 de un proceso democr\u00e1tico para elegir a quien encabezar\u00e1 los trabajos por parte de Morena para renovar la Presidencia de M\u00e9xico.<\/p>\n\n\n\n<p>El gobernador de Veracruz, Cuitl\u00e1huac Garc\u00eda Jim\u00e9nez, se sum\u00f3 al pronunciamiento de mandatarios estatales de la Cuarta Transformaci\u00f3n (4T) que respaldaron la consulta para el proceso de renovaci\u00f3n de su liderazgo nacional.<\/p>\n\n\n\n<p>Lo anterior, pese a que el aspirante a la Coordinaci\u00f3n Nacional de Comit\u00e9s en Defensa de la 4T, Marcelo Ebrard, denunci\u00f3 anomal\u00edas en la consulta realizada por el Movimiento de Regeneraci\u00f3n Nacional (Morena) y exigi\u00f3 que se efect\u00fae nuevamente.<\/p>\n\n\n\n<p>Un total de 22 gobernadoras y gobernadores sostuvieron que el proceso cumpli\u00f3 plenamente con las reglas y objetivos que el Consejo Nacional estableci\u00f3 en la Convocatoria correspondiente, ya que fue un ejercicio transparente, democr\u00e1tico, unitario y sobre todo participativo, factores determinantes para sus buenos resultados.<\/p>\n\n\n\n<p>Garc\u00eda Jim\u00e9nez coincidi\u00f3 en que las gobernadoras y los gobernadores, cumplieron con la regla de no injerencia en el proceso y de respeto a cada uno de los seis contendientes, y que una vez conocidos los resultados habr\u00edan de expresar su absoluto respaldo a quien el pueblo haya apoyado de manera m\u00e1s amplia para conducir los trabajos de los Comit\u00e9s de la Defensa de la Cuarta Transformaci\u00f3n.<\/p>\n","protected":false},"excerpt":{"rendered":"<p>Juan Arcos Xalapa, Ver.- Integrantes de la asociaci\u00f3n civil Unidos Todos se concentraron en Plaza Sebasti\u00e1n Lerdo de Tejada, en la zona centro de Xalapa, la capital de Veracruz, para respaldar a Claudia Sheinbaum, previo a los resultados de la encuesta del Movimiento de Regeneraci\u00f3n Nacional (Morena). La organizaci\u00f3n es presidida por Eleazar Guerrero P\u00e9rez, [&hellip;]<\/p>\n","protected":false},"author":2476,"featured_media":44849,"comment_status":"open","ping_status":"open","sticky":false,"template":"","format":"standard","meta":{"_jetpack_memberships_contains_paid_content":false,"footnotes":""},"categories":[3],"tags":[],"class_list":["post-44848","post","type-post","status-publish","format-standard","has-post-thumbnail","hentry","category-xalapa"],"jetpack_featured_media_url":"https:\/\/encuentroinformativo.com.mx\/wp-content\/uploads\/2023\/09\/fc11ea72-ff4b-469e-b0e7-09a4c077a4a52.jpg","jetpack_sharing_enabled":true,"jetpack_likes_enabled":true,"amp_enabled":true,"_links":{"self":[{"href":"https:\/\/encuentroinformativo.com.mx\/index.php?rest_route=\/wp\/v2\/posts\/44848","targetHints":{"allow":["GET"]}}],"collection":[{"href":"https:\/\/encuentroinformativo.com.mx\/index.php?rest_route=\/wp\/v2\/posts"}],"about":[{"href":"https:\/\/encuentroinformativo.com.mx\/index.php?rest_route=\/wp\/v2\/types\/post"}],"author":[{"embeddable":true,"href":"https:\/\/encuentroinformativo.com.mx\/index.php?rest_route=\/wp\/v2\/users\/2476"}],"replies":[{"embeddable":true,"href":"https:\/\/encuentroinformativo.com.mx\/index.php?rest_route=%2Fwp%2Fv2%2Fcomments&post=44848"}],"version-history":[{"count":1,"href":"https:\/\/encuentroinformativo.com.mx\/index.php?rest_route=\/wp\/v2\/posts\/44848\/revisions"}],"predecessor-version":[{"id":44850,"href":"https:\/\/encuentroinformativo.com.mx\/index.php?rest_route=\/wp\/v2\/posts\/44848\/revisions\/44850"}],"wp:featuredmedia":[{"embeddable":true,"href":"https:\/\/encuentroinformativo.com.mx\/index.php?rest_route=\/wp\/v2\/media\/44849"}],"wp:attachment":[{"href":"https:\/\/encuentroinformativo.com.mx\/index.php?rest_route=%2Fwp%2Fv2%2Fmedia&parent=44848"}],"wp:term":[{"taxonomy":"category","embeddable":true,"href":"https:\/\/encuentroinformativo.com.mx\/index.php?rest_route=%2Fwp%2Fv2%2Fcategories&post=44848"},{"taxonomy":"post_tag","embeddable":true,"href":"https:\/\/encuentroinformativo.com.mx\/index.php?rest_route=%2Fwp%2Fv2%2Ftags&post=44848"}],"curies":[{"name":"wp","href":"https:\/\/api.w.org\/{rel}","templated":true}]}}