{"id":44857,"date":"2023-09-07T08:58:41","date_gmt":"2023-09-07T14:58:41","guid":{"rendered":"https:\/\/encuentroinformativo.com.mx\/?p=44857"},"modified":"2023-09-07T08:58:45","modified_gmt":"2023-09-07T14:58:45","slug":"regionalizar-la-xochitlmania","status":"publish","type":"post","link":"https:\/\/encuentroinformativo.com.mx\/?p=44857","title":{"rendered":"REGIONALIZAR LA XOCHITLMAN\u00cdA"},"content":{"rendered":"\n<p id=\"m_4765884868595378207m_-5240123798694796834docs-internal-guid-112d8986-6c72-75d3-08f0-37fd57d1c1ad\"><strong>Los Pol\u00edticos<\/strong><\/p>\n\n\n\n<p><strong>Salvador Mu\u00f1oz<\/strong><\/p>\n\n\n\n<p>El ejercicio que gener\u00f3 la elecci\u00f3n de X\u00f3chitl G\u00e1lvez Ruiz como candidata del Frente Amplio por M\u00e9xico, aderezada por esa decisi\u00f3n que tom\u00f3 el PRI por reconocer que el score favorec\u00eda a la contrincante de Beatriz Paredes, es necesario que se replique ahora en los Estados, pero ya, lo m\u00e1s pronto posible porque el tiempo se los puede comer\u2026<\/p>\n\n\n\n<p>Las encuestas y los foros entre los \u201cQuerientes\u201d a participar por las Gubernaturas tienen que llevar el principal ingrediente que generaron que X\u00f3chitl se convirtiera en un activo social sumamente interesante: la participaci\u00f3n ciudadana.<\/p>\n\n\n\n<p>Si hay algo que mantiene el efecto X\u00f3chitl hasta estos momentos, es que hubo una especie de \u201creconciliaci\u00f3n\u201d entre ciudadanos y partidos pol\u00edticos.<\/p>\n\n\n\n<p>Ambos entes encontraron su com\u00fan denominador y en el caso del PRI, hasta se dio la oportunidad de que la figura del partido levantara el esp\u00edritu de lucha, orgullo, amor a la camiseta con un personaje como Beatriz Paredes.<\/p>\n\n\n\n<p>Ese sector de la sociedad que no est\u00e1 de acuerdo con las formas de hacer Gobierno de la Cuarta Transformaci\u00f3n pero que no encontraba eco en la Oposici\u00f3n, ve en X\u00f3chitl G\u00e1lvez su opci\u00f3n\u2026 y el FAM tambi\u00e9n\u2026<\/p>\n\n\n\n<p>Ahora, ya asentada X\u00f3chitl G\u00e1lvez como el ariete al 2024, insisto, hay que llevar el mismo ejercicio que gener\u00f3 su ungimiento a los nueve estados en que se han de disputar las gubernaturas\u2026 o m\u00e1s bien, adecuarlo, adaptarlo a cada una de las partes donde habr\u00e1 elecciones\u2026<\/p>\n\n\n\n<p>Es evidente que buscar \u201cX\u00f3chitls\u201d para las entidades es un imposible, pero entonces hay que regionalizar la \u201cXochitlman\u00eda\u201d&#8230;<\/p>\n\n\n\n<p>Vamos a Veracruz\u2026<\/p>\n\n\n\n<p>Muchos son los que quieren pero pocos son los que han actuado\u2026<\/p>\n\n\n\n<p>En el PAN, justo es reconocerle al senador Julen Rementer\u00eda que tiene cinco a\u00f1os en actividad de cuchillito de palo\u2026 con un ligero defecto: no ha hecho territorio, dijeran los morenos. Si no es en el Senado, es el Puerto o a veces en Xalapa\u2026 pero no sale de estos tres puntos.<\/p>\n\n\n\n<p>Y no veo a otro panista haciendo labor de oposici\u00f3n de ese tama\u00f1o\u2026<\/p>\n\n\n\n<p>En el caso del PRI, son muchos los enlistados pero pocos los que sudan la camiseta\u2026<\/p>\n\n\n\n<p>Al menos en el Congreso, hay que destacar a Anil\u00fa Ingram as\u00ed como a Marlon Ram\u00edrez Mar\u00edn. Arduo trabajo legislativo, de oposici\u00f3n, de territorio, ya sea por angas o mangas pero recorren la entidad que da gusto.<\/p>\n\n\n\n<p>Por el PRD lamentablemente no se ve a nadie\u2026<\/p>\n\n\n\n<p>Y despu\u00e9s de estos tres personajes, aparecen los que salen por decanto, puro Yunes en la primera tanda: Chiquiyunes y Chiquinando, por el lado de los azules; H\u00e9ctor y Pepe, por el lado de los rojos; agregue al alcalde de Orizaba, Jos\u00e9 Manuel Diez Francos, \u00a1y p\u00e1rele de contar!<\/p>\n\n\n\n<p>Es indudable que en una encuesta, los m\u00e1s conocidos son los Yunes que f\u00e1cilmente desde el 2006, vienen en cada boleta electoral hasta la m\u00e1s reciente\u2026 y curiosamente, de tantos que hay, s\u00f3lo uno nos ha gobernado\u2026 Ahora, estos amigos, los Yunes y los otros (Julen, Marlon y Anil\u00fa) deber\u00e1n tomar en cuenta el factor que hizo que X\u00f3chitl destacara en el Frente Amplio: la qu\u00edmica que hizo con el factor ciudadano, con la gente\u2026 s\u00ed, es bueno que entre los partidos busquen qui\u00e9n entre ellos, es favorecido por la militancia, pero tambi\u00e9n qui\u00e9n de ellos (y los que se apunten) pueden generar entre la gente esa reconciliaci\u00f3n que con X\u00f3chitl fue posible entre un sector de los ciudadanos y los partidos pol\u00edticos\u2026 si esto es capaz de entender a nivel estatal el Frente Amplio por M\u00e9xico, hay ruta\u2026<\/p>\n","protected":false},"excerpt":{"rendered":"<p>Los Pol\u00edticos Salvador Mu\u00f1oz El ejercicio que gener\u00f3 la elecci\u00f3n de X\u00f3chitl G\u00e1lvez Ruiz como candidata del Frente Amplio por M\u00e9xico, aderezada por esa decisi\u00f3n que tom\u00f3 el PRI por reconocer que el score favorec\u00eda a la contrincante de Beatriz Paredes, es necesario que se replique ahora en los Estados, pero ya, lo m\u00e1s pronto [&hellip;]<\/p>\n","protected":false},"author":2476,"featured_media":387,"comment_status":"open","ping_status":"open","sticky":false,"template":"","format":"standard","meta":{"_jetpack_memberships_contains_paid_content":false,"footnotes":""},"categories":[11],"tags":[],"class_list":["post-44857","post","type-post","status-publish","format-standard","has-post-thumbnail","hentry","category-opinion"],"jetpack_featured_media_url":"https:\/\/encuentroinformativo.com.mx\/wp-content\/uploads\/2020\/03\/7CF8A22B-2764-47BE-8F7F-38FE9E5D6A2F.jpeg","jetpack_sharing_enabled":true,"jetpack_likes_enabled":true,"amp_enabled":true,"_links":{"self":[{"href":"https:\/\/encuentroinformativo.com.mx\/index.php?rest_route=\/wp\/v2\/posts\/44857","targetHints":{"allow":["GET"]}}],"collection":[{"href":"https:\/\/encuentroinformativo.com.mx\/index.php?rest_route=\/wp\/v2\/posts"}],"about":[{"href":"https:\/\/encuentroinformativo.com.mx\/index.php?rest_route=\/wp\/v2\/types\/post"}],"author":[{"embeddable":true,"href":"https:\/\/encuentroinformativo.com.mx\/index.php?rest_route=\/wp\/v2\/users\/2476"}],"replies":[{"embeddable":true,"href":"https:\/\/encuentroinformativo.com.mx\/index.php?rest_route=%2Fwp%2Fv2%2Fcomments&post=44857"}],"version-history":[{"count":1,"href":"https:\/\/encuentroinformativo.com.mx\/index.php?rest_route=\/wp\/v2\/posts\/44857\/revisions"}],"predecessor-version":[{"id":44858,"href":"https:\/\/encuentroinformativo.com.mx\/index.php?rest_route=\/wp\/v2\/posts\/44857\/revisions\/44858"}],"wp:featuredmedia":[{"embeddable":true,"href":"https:\/\/encuentroinformativo.com.mx\/index.php?rest_route=\/wp\/v2\/media\/387"}],"wp:attachment":[{"href":"https:\/\/encuentroinformativo.com.mx\/index.php?rest_route=%2Fwp%2Fv2%2Fmedia&parent=44857"}],"wp:term":[{"taxonomy":"category","embeddable":true,"href":"https:\/\/encuentroinformativo.com.mx\/index.php?rest_route=%2Fwp%2Fv2%2Fcategories&post=44857"},{"taxonomy":"post_tag","embeddable":true,"href":"https:\/\/encuentroinformativo.com.mx\/index.php?rest_route=%2Fwp%2Fv2%2Ftags&post=44857"}],"curies":[{"name":"wp","href":"https:\/\/api.w.org\/{rel}","templated":true}]}}