{"id":44859,"date":"2023-09-07T11:12:57","date_gmt":"2023-09-07T17:12:57","guid":{"rendered":"https:\/\/encuentroinformativo.com.mx\/?p=44859"},"modified":"2023-09-07T11:13:01","modified_gmt":"2023-09-07T17:13:01","slug":"ire-donde-me-ponga-la-patria-senala-dorenhy-garcia-sobre-su-futuro-politico","status":"publish","type":"post","link":"https:\/\/encuentroinformativo.com.mx\/?p=44859","title":{"rendered":"&#8220;Ir\u00e9 donde me ponga la patria&#8221;, se\u00f1ala Dorenhy Garc\u00eda sobre su futuro pol\u00edtico"},"content":{"rendered":"\n<p><strong>Dar\u00edo Pale <\/strong><\/p>\n\n\n\n<p>Xalapa, Ver.- Pide secretaria del Trabajo a quienes se autoemplean, se inscriban a IMSS, ademas dijo que no sabe si buscar\u00e1 curul, ir\u00e1 a donde la ponga la patria, as\u00ed lo informo la titular Dorenhy Garc\u00eda Cayetano.<\/p>\n\n\n\n<p>Entrevistada posterior a la guardia en el parque de los Berros, neg\u00f3 que Veracruz sea de las entidades del pa\u00eds que no ha podido recuperar el n\u00famero de creaci\u00f3n de empleos que se ten\u00eda hasta antes de la pandemia.<\/p>\n\n\n\n<p>Rechaz\u00f3 que haya crecido el autoempleo, pero al mismo tiempo consider\u00f3 que esas personas se deben autoinscribir al IMSS para que suban las cifras, por lo que les pidi\u00f3 a todas esas personas no temer que por asegurarse el SAT les va a fiscalizar y a quitar sus ingresos.<\/p>\n\n\n\n<p>Justific\u00f3 que la recuperaci\u00f3n de los empleos ha sido complicada a nivel internacional, &#8220;ya recuperamos hasta donde nos quedamos en la pandemia, despu\u00e9s de este duro momento que perdimos a familiares y l\u00edderes del hogar, pero no solo es est\u00e1 parte, sino que tambi\u00e9n hay un cambio muy sensible que la gente prefiere estar en horarios m\u00e1s flexibles&#8221;.<\/p>\n\n\n\n<p>&#8220;Sin embargo, tambi\u00e9n a trav\u00e9s del IMSS nos estamos acercando para el Programa de Trabajadores Independientes y tengan todas las prestaciones inscribi\u00e9ndose ellas y ellos mismos&#8221;, se\u00f1al\u00f3.<\/p>\n\n\n\n<p>Detall\u00f3 que tan s\u00f3lo en agosto ofertaron mil 800 distintas opciones laborales a lo largo de todo el Estado, por lo que afirm\u00f3 &#8220;trabajo hay&#8221;.<\/p>\n\n\n\n<p>Dio a conocer que normalmente la seguridad social baja a la mitad del a\u00f1o por diferentes razones como contrataciones por proyecto o por cuestiones relativas a la agricultura lo cual es por temporadas.<\/p>\n\n\n\n<p>&#8220;Pero s\u00ed recuperamos el n\u00famero de empleos y podemos contrastar las cifras con el n\u00famero de personas ocupadas en el Estado&#8221;, coment\u00f3.<\/p>\n\n\n\n<p>&#8220;Ahora hay que empujarlas y conminarlas a que se inscriban en la seguridad social para que esos n\u00fameros suban&#8221;, agreg\u00f3.<\/p>\n\n\n\n<p>Garc\u00eda Cayetano sostuvo que este es el primer sexenio en el que la curva de ascendencia y disminuci\u00f3n va cruzada, es decir, el aumento va en cuanto a los empleos formales y la disminuci\u00f3n va en relaci\u00f3n a los empleos informales.<\/p>\n\n\n\n<p>&#8220;Aunque en n\u00fameros pidieran parecer mayores que en a\u00f1os pasados, la tendencia es que va disminuyendo&#8221;, resalt\u00f3.<\/p>\n\n\n\n<p>En otro orden de ideas, despu\u00e9s de la conclusi\u00f3n del proceso interno de Morena para elegir a su candidata a la presidencia, Dorenhy Garc\u00eda Cayetano, adelant\u00f3 que todav\u00eda no decide si participar\u00e1 en el proceso electoral.<\/p>\n\n\n\n<p>Dijo que ella ir\u00e1 a donde la ponga la patria, a donde disponga el pueblo para lo cual se someter\u00eda a una encuesta, &#8220;todav\u00eda no sabemos, la verdad es que seguimos trabajando porque eso es lo que nos gusta en la Secretar\u00eda de Trabajo, trabajar, trabajar por Veracruz&#8221;.<\/p>\n\n\n\n<p>Asimismo, entrevistada en el sentido de que forma parte del equipo de Claudia Sheimbaum, respondi\u00f3 que ella forma parte del equipo de trabajo del gobernador Cuitl\u00e1huac Garc\u00eda Jim\u00e9nez.<\/p>\n\n\n\n<p>Defini\u00f3 que este es el tiempo de las mujeres, pero no sabe si esto podr\u00eda ser un factor que la ayude a lograr alguna candidatura al Senado de la Rep\u00fablica o a la diputaci\u00f3n federal.<\/p>\n\n\n\n<p>&#8220;Porque somos muchas mujeres las que estamos participando en las secretar\u00edas&#8221;, dijo.<\/p>\n\n\n\n<p>Reconoci\u00f3 que participar o no en el pr\u00f3ximo proceso electoral no es una decisi\u00f3n suya, pero presumi\u00f3 contar con preparaci\u00f3n para ser legisladora.<\/p>\n\n\n\n<p>&#8220;La verdad es no estamos enfocadas en eso, as\u00ed que no podr\u00eda decir con claridad, lo que s\u00ed es que el pueblo y la gente sabe el trabajo que tiene cada uno, cada una de las que los representar\u00e1 y, en ese tenor, ayudaremos a que salgan los mejores perfiles&#8221;, mencion\u00f3.<\/p>\n\n\n\n<p>Finalmente record\u00f3 que forma parte del Consejo Estatal de Morena y en ese sentido, acercar\u00e1 a los mejores perfiles que llegar\u00e1n a puestos de toma de decisiones.<\/p>\n","protected":false},"excerpt":{"rendered":"<p>Dar\u00edo Pale Xalapa, Ver.- Pide secretaria del Trabajo a quienes se autoemplean, se inscriban a IMSS, ademas dijo que no sabe si buscar\u00e1 curul, ir\u00e1 a donde la ponga la patria, as\u00ed lo informo la titular Dorenhy Garc\u00eda Cayetano. Entrevistada posterior a la guardia en el parque de los Berros, neg\u00f3 que Veracruz sea de [&hellip;]<\/p>\n","protected":false},"author":2476,"featured_media":44860,"comment_status":"open","ping_status":"open","sticky":false,"template":"","format":"standard","meta":{"_jetpack_memberships_contains_paid_content":false,"footnotes":""},"categories":[2],"tags":[],"class_list":["post-44859","post","type-post","status-publish","format-standard","has-post-thumbnail","hentry","category-estado"],"jetpack_featured_media_url":"https:\/\/encuentroinformativo.com.mx\/wp-content\/uploads\/2023\/09\/IMG-20230907-WA00192.jpg","jetpack_sharing_enabled":true,"jetpack_likes_enabled":true,"amp_enabled":true,"_links":{"self":[{"href":"https:\/\/encuentroinformativo.com.mx\/index.php?rest_route=\/wp\/v2\/posts\/44859","targetHints":{"allow":["GET"]}}],"collection":[{"href":"https:\/\/encuentroinformativo.com.mx\/index.php?rest_route=\/wp\/v2\/posts"}],"about":[{"href":"https:\/\/encuentroinformativo.com.mx\/index.php?rest_route=\/wp\/v2\/types\/post"}],"author":[{"embeddable":true,"href":"https:\/\/encuentroinformativo.com.mx\/index.php?rest_route=\/wp\/v2\/users\/2476"}],"replies":[{"embeddable":true,"href":"https:\/\/encuentroinformativo.com.mx\/index.php?rest_route=%2Fwp%2Fv2%2Fcomments&post=44859"}],"version-history":[{"count":1,"href":"https:\/\/encuentroinformativo.com.mx\/index.php?rest_route=\/wp\/v2\/posts\/44859\/revisions"}],"predecessor-version":[{"id":44861,"href":"https:\/\/encuentroinformativo.com.mx\/index.php?rest_route=\/wp\/v2\/posts\/44859\/revisions\/44861"}],"wp:featuredmedia":[{"embeddable":true,"href":"https:\/\/encuentroinformativo.com.mx\/index.php?rest_route=\/wp\/v2\/media\/44860"}],"wp:attachment":[{"href":"https:\/\/encuentroinformativo.com.mx\/index.php?rest_route=%2Fwp%2Fv2%2Fmedia&parent=44859"}],"wp:term":[{"taxonomy":"category","embeddable":true,"href":"https:\/\/encuentroinformativo.com.mx\/index.php?rest_route=%2Fwp%2Fv2%2Fcategories&post=44859"},{"taxonomy":"post_tag","embeddable":true,"href":"https:\/\/encuentroinformativo.com.mx\/index.php?rest_route=%2Fwp%2Fv2%2Ftags&post=44859"}],"curies":[{"name":"wp","href":"https:\/\/api.w.org\/{rel}","templated":true}]}}