{"id":4486,"date":"2020-07-29T11:22:43","date_gmt":"2020-07-29T16:22:43","guid":{"rendered":"https:\/\/encuentroinformativo.com\/?p=4486"},"modified":"2020-07-29T11:22:50","modified_gmt":"2020-07-29T16:22:50","slug":"minatitlan-entre-el-mural-y-el-basurero","status":"publish","type":"post","link":"https:\/\/encuentroinformativo.com.mx\/?p=4486","title":{"rendered":"MINATITL\u00c1N: ENTRE EL MURAL Y EL BASURERO"},"content":{"rendered":"\n<ul class=\"wp-block-list\"><li>&#8216;T\u00e1 malito el diputaco Erik.<\/li><li>Las Interceptor desaparecidas.<\/li><li>Posponen inscripciones y reinscripciones.<\/li><\/ul>\n\n\n\n<p>Yo quiero ser c\u00f3nsul en Liverpool. Hagan paro.<br>\n&#8211;Chopenjawer<\/p>\n\n\n\n<p>Al que no le salen para nada bien las cosas es al alcalde de Minatitl\u00e1n, quien, montado en la soberbia, al parecer no quiere enderezar el camino de la petrolera ciudad y da la impresi\u00f3n que hace lo imposible para que todo salga mal.<\/p>\n\n\n\n<p>Don Nicol\u00e1s Reyes Alvarado lleg\u00f3 trepado en la ola de Morena, sin ser un personaje conocido en Minatitl\u00e1n; su \u00fanico antecedente conocido es como un exl\u00edder sindical de la desaparecida Azufrera Panamericana, all\u00e1 por J\u00e1ltipan, pero ni siquiera era un actor conocido en recientes elecciones.<\/p>\n\n\n\n<p>En s\u00edntesis: Don Nico gan\u00f3 por el efecto L\u00f3pez Obrador. Nada m\u00e1s.<\/p>\n\n\n\n<p>Cabe recordar que en Minatitl\u00e1n no es la primera vez que gobierna la oposici\u00f3n y un gobierno de &#8220;izquierda&#8221;. De hecho, existen muchas similitudes entre la actual administraci\u00f3n municipal y aquel gobierno perredista del periodo 1998-2000, cuando lleg\u00f3 al poder Don Amado Guzm\u00e1n Garc\u00eda, empresario mueblero, que por muchos a\u00f1os intent\u00f3 ser alcalde.<\/p>\n\n\n\n<p>En aquel entonces, el otrora poderoso PRI sufri\u00f3 la primera debacle en Veracruz al perder m\u00e1s de la mitad de las alcald\u00edas en el estado; en ese entonces, el dirigente del PRI era Miguel \u00c1ngel Yunes Linares y es una de las derrotas que le persiguen en su carrera pol\u00edtica.<\/p>\n\n\n\n<p>El arribo de Don Amado Guzm\u00e1n al Ayuntamiento ten\u00eda que ver con la llegada de Cuauht\u00e9moc C\u00e1rdenas Sol\u00f3rzano a la primera Jefatura de Gobierno electa por los defe\u00f1os; esto gener\u00f3 una ola de entusiasmo, especialmente entre las generaciones m\u00e1s j\u00f3venes, que ve\u00edan al PRI como un partido corrupto, arcaico y culpable de todos los males en este pa\u00eds. Que el hijo del &#8220;Tata&#8221; L\u00e1zaro fuese electo jefe de Gobierno, era la antesala para la primera derrota del partido tricolor en el 2000, cuando gan\u00f3 las elecciones el panista Vicente Fox Quesada y se dio, por fin, la transici\u00f3n de gobierno.<\/p>\n\n\n\n<p>El problema en Minatitl\u00e1n en ese entonces con Don Amado (similar lo que est\u00e1 pasando actualmente con Don Nico) es que comenzaron a destaparse esc\u00e1ndalos de corrupci\u00f3n y malos manejos, especialmente por la inexperiencia al gobernar y las ocurrencias en la administraci\u00f3n.<\/p>\n\n\n\n<p>A lo anterior tambi\u00e9n habr\u00eda que a\u00f1adirle una fuerte campa\u00f1a por parte sus opositores (principalmente priistas, con mayor colmillo y tacto pol\u00edtico) que desgastaron la imagen del alcalde perredista y lograron el desencanto ciudadano. Al final colocaron a su activo m\u00e1s fuerte para asegurar la Presidencia Municipal en las siguientes elecciones: el dirigente petrolero Pablo Pav\u00f3n Vinales.<\/p>\n\n\n\n<p>A Don Nico actualmente le est\u00e1 pasando lo de Don Amado, pero siquiera el mueblero ten\u00eda todav\u00eda carisma y era muy querido en el sector empresarial y la sociedad minatitleca.<\/p>\n\n\n\n<p>Los esc\u00e1ndalos recientes tienen que ver con una &#8220;magna&#8221; obra que m\u00e1s bien fue desmadrar (es deporte com\u00fan entre los alcaldes minatitlecos) parte del Parque Independencia, colocar un &#8220;domo&#8221; de lona que se vino abajo con las lluvias y de paso rematar con un mural de lo m\u00e1s culero con un flechador desnudo bastante subjetivo que todav\u00eda no se descifra qu\u00e9 diantres representa, porque dicen sus defensores que es arte (my eggs, qu\u00e9).<\/p>\n\n\n\n<p>Otra pol\u00e9mica se suscit\u00f3 este martes porque resulta que Don Nico dio permiso para que el Ayuntamiento de Coatzacoalcos tire todos los desechos de la ciudad en terrenos donde se supone que ya no se tirar\u00eda la basura; basta recordar que fue hasta el mismo presidente Andr\u00e9s Manuel L\u00f3pez Obrador a constatar el ecocidio que hab\u00eda en esa zona conocida como Las Matas, que hoy nuevamente est\u00e1n reactivando como basurero de otro municipio, en terrenos cercanos a la mancha urbana de Minatitl\u00e1n.<\/p>\n\n\n\n<p>A lo anterior se sumaron las inconformidades de vecinos y ejidatarios, pero Don Nico, en lugar de ir a resolver, mand\u00f3 a la polic\u00eda para resguardar el terreno donde se tira la basura de Coatza, as\u00ed como puso de guardia a dos polic\u00edas con todo y camioneta para vigilar la porquer\u00eda de mural &#8220;art\u00edstico&#8221; del parque, una obra que no termina pero que cost\u00f3 m\u00e1s de cuatro millones de pesos.<\/p>\n\n\n\n<p>Dicen que Don Nico, al parecer, lo que quiere es ya tirar la toalla y entregarle a otro partido el Ayuntamiento, pues, como ocurri\u00f3 en el pasado, van a echar toda la carne al asador ante los errores.<\/p>\n\n\n\n<p>En nada le est\u00e1 ayudando el alcalde de Minatitl\u00e1n a MORENA (tampoco el de Coatza se salva), si es que quieren conservar esos bastiones lopezobradoristas. Al tiempo, como dicen los columnistas picudos.<\/p>\n\n\n\n<p><strong>NOTA PARA PEGAR EN EL REFRI:<\/strong> Erik &#8220;N&#8221; fue detenido el viernes 24 en el Juzgado de Pacho Viejo, a donde lleg\u00f3 a una audiencia y ah\u00ed se le ejecut\u00f3 la orden de aprehensi\u00f3n que pesaba en su contra. El exlegislador independiente, quien lleg\u00f3 al cargo por el PT pero se uni\u00f3 a parte de la bancada del PAN en la actual LXV Legislatura en un grupo mixto, es investigado por ejercicio indebido del servicio p\u00fablico, desobediencia, abuso de autoridad y resistencia de particulares. Se comenta que al momento de ser ingresado, lleg\u00f3 con pre-diabetes, pero al saber su situaci\u00f3n, sus malestares comenzaron a dispararse; hoy trasciende que tiene diabetes e hipertensi\u00f3n. Al interior del penal comentan que Erik casi se desmaya cuando al final le cay\u00f3 el veinte de su triste realidad y la manera en que no s\u00f3lo ech\u00f3 a perder su carrera pol\u00edtica, sino su propia vida. El diputado, de entrada, vio con horror el camastro de cemento que ni siquiera es de su medida, porque el vato mide como dos metros de altura. Ya de entrada, eso debe ser muy inc\u00f3modo en una celda que no est\u00e1 adaptada para comodidades como la casa de los tres millones de pesos que tiene en Montemagno. Ya encerrado, como a todos los reos, le debe haber alcanzado la depresi\u00f3n que se manifest\u00f3 en sus enfermedades; ya no podr\u00e1 tomarse su whisky con Red-Bull o zamparse el mont\u00f3n de tacos que tanto le gustan y por el cual se gan\u00f3 el mote del &#8220;diputaco&#8221;. Este lunes por la noche trascendi\u00f3 que fue reportado como delicado el estado de salud y buscan que lleve su proceso en la cama de un hospital, como Emilio Lozoya con el caso Pemex. Nada m\u00e1s que Emilio Lozoya es Emilio Lozoya y lo que seguramente cantar\u00e1 es de mucho valor para la Cuarta Transformaci\u00f3n.<\/p>\n\n\n\n<p><strong>OTRA NOTA:<\/strong> \u00bfC\u00f3mo est\u00e1 eso de que de 6 camionetas patrullas Interceptor (especialmente dise\u00f1ada por la Ford para fuerzas policiacas) solamente hay tres para vigilar todo el municipio de Boca del R\u00edo con 86 colonias. Que de esas tres, s\u00f3lo se pasean por la zona fotografiable y &#8220;nais&#8221; de la cabecera municipal, y que las restantes est\u00e1n comisionadas a la seguridad de la familia del exgobernador Miguel \u00c1ngel Yunes Linares\u2026 De hecho, dicen que le quitaron la licencia de armas a la Polic\u00eda Municipal ya que la Secretar\u00eda de la Defensa Nacional detect\u00f3 que le daban mal uso a esta para armar a los malandros que sirven de guachomas de los Yunes y sus cercanos\u2026 Otro caso policiaco est\u00e1 en el puerto, donde dicen que la afamada Polic\u00eda Municipal nada m\u00e1s alcanza para cubrir si acaso tres cuadras a la redonda del centro hist\u00f3rico\u2026 \u00bfSer\u00e1 por eso el incremento de asaltos y robos en la zona?<\/p>\n\n\n\n<p><strong>LA \u00daLTIMA PORQUE QUIERO DORMIR TEMPRANO:<\/strong> Lo informa el portal Versiones.com.mx: a trav\u00e9s de la circular n\u00famero SEV\/SEB\/116\/2020, con fecha del 29 de julio de 2020, la Subsecretaria de Educaci\u00f3n B\u00e1sica, Maritza Ram\u00edrez Aguilar, inform\u00f3 a los directores de los niveles de Educaci\u00f3n Inicial y Preescolar, Primaria Federalizada, Primaria Estatal, Secundaria, Educaci\u00f3n Especial y Educaci\u00f3n Ind\u00edgena, que \u00aben breve sesionar\u00e1 el Consejo Nacional de Autoridades Educativas (CONAEDU), en la cual se definir\u00e1 y establecer\u00e1 de manera conjunta la Ruta Estrat\u00e9gica para el Inicio del Ciclo Escolar 2020-2021, que permita garantizar el derecho de las ni\u00f1as, ni\u00f1os, adolescentes y j\u00f3venes de aprender a\u00fan en situaciones de emergencia, pero sobre todo garantizando la salud y bienestar de la comunidad escolar. Por lo anterior, se solicita su apoyo y comprensi\u00f3n a efecto de posponer las actividades previas para el ciclo escolar 2020-2021, especialmente las correspondientes a la Fase Intensiva del Consejo T\u00e9cnico Escolar; la Jornada de Limpieza Escolar y los Tr\u00e1mites de Inscripciones y reinscripciones para el ciclo escolar 2020-2021\u00bb. Todo lo anterior es en el contexto de evitar los contagios de Coronavirus Covid-19, en los planteles educativos. Asimismo, circula en grupos de whatsapp del sector magisterial la misma informaci\u00f3n pero m\u00e1s detallada: 1. Del 27 al 31 de Julio, se llevar\u00e1 con los docentes el Taller de Capacitaci\u00f3n de forma Virtual. 2. El Consejo T\u00e9cnico Escolar (CTE) de fase intensiva, programado del 3 al 7 de agosto, queda suspendido hasta nuevo aviso. 3. Las inscripciones, que a\u00fan no confirmaban fecha, quedan nuevamente suspendidas. 4. El arranque de actividades, programado el 10 de agosto, con clases a distancia, queda suspendido.<br><\/p>\n\n\n\n<p><strong> @pablojair<\/strong><\/p>\n","protected":false},"excerpt":{"rendered":"<p>&#8216;T\u00e1 malito el diputaco Erik. Las Interceptor desaparecidas. Posponen inscripciones y reinscripciones. Yo quiero ser c\u00f3nsul en Liverpool. Hagan paro. &#8211;Chopenjawer Al que no le salen para nada bien las cosas es al alcalde de Minatitl\u00e1n, quien, montado en la soberbia, al parecer no quiere enderezar el camino de la petrolera ciudad y da la [&hellip;]<\/p>\n","protected":false},"author":1,"featured_media":488,"comment_status":"open","ping_status":"open","sticky":false,"template":"","format":"standard","meta":{"_jetpack_memberships_contains_paid_content":false,"footnotes":""},"categories":[11],"tags":[],"class_list":["post-4486","post","type-post","status-publish","format-standard","has-post-thumbnail","hentry","category-opinion"],"jetpack_featured_media_url":"https:\/\/encuentroinformativo.com.mx\/wp-content\/uploads\/2020\/03\/F471F608-BA1A-416B-BA7B-BCFB24F4E6D0.jpeg","jetpack_sharing_enabled":true,"jetpack_likes_enabled":true,"amp_enabled":true,"_links":{"self":[{"href":"https:\/\/encuentroinformativo.com.mx\/index.php?rest_route=\/wp\/v2\/posts\/4486","targetHints":{"allow":["GET"]}}],"collection":[{"href":"https:\/\/encuentroinformativo.com.mx\/index.php?rest_route=\/wp\/v2\/posts"}],"about":[{"href":"https:\/\/encuentroinformativo.com.mx\/index.php?rest_route=\/wp\/v2\/types\/post"}],"author":[{"embeddable":true,"href":"https:\/\/encuentroinformativo.com.mx\/index.php?rest_route=\/wp\/v2\/users\/1"}],"replies":[{"embeddable":true,"href":"https:\/\/encuentroinformativo.com.mx\/index.php?rest_route=%2Fwp%2Fv2%2Fcomments&post=4486"}],"version-history":[{"count":1,"href":"https:\/\/encuentroinformativo.com.mx\/index.php?rest_route=\/wp\/v2\/posts\/4486\/revisions"}],"predecessor-version":[{"id":4487,"href":"https:\/\/encuentroinformativo.com.mx\/index.php?rest_route=\/wp\/v2\/posts\/4486\/revisions\/4487"}],"wp:featuredmedia":[{"embeddable":true,"href":"https:\/\/encuentroinformativo.com.mx\/index.php?rest_route=\/wp\/v2\/media\/488"}],"wp:attachment":[{"href":"https:\/\/encuentroinformativo.com.mx\/index.php?rest_route=%2Fwp%2Fv2%2Fmedia&parent=4486"}],"wp:term":[{"taxonomy":"category","embeddable":true,"href":"https:\/\/encuentroinformativo.com.mx\/index.php?rest_route=%2Fwp%2Fv2%2Fcategories&post=4486"},{"taxonomy":"post_tag","embeddable":true,"href":"https:\/\/encuentroinformativo.com.mx\/index.php?rest_route=%2Fwp%2Fv2%2Ftags&post=4486"}],"curies":[{"name":"wp","href":"https:\/\/api.w.org\/{rel}","templated":true}]}}