{"id":44865,"date":"2023-09-07T11:52:55","date_gmt":"2023-09-07T17:52:55","guid":{"rendered":"https:\/\/encuentroinformativo.com.mx\/?p=44865"},"modified":"2023-09-07T11:53:00","modified_gmt":"2023-09-07T17:53:00","slug":"mantendra-abuela-custodia-de-hija-menor-de-rogelio-franco","status":"publish","type":"post","link":"https:\/\/encuentroinformativo.com.mx\/?p=44865","title":{"rendered":"Mantendr\u00e1 abuela custodia de hija menor de Rogelio Franco"},"content":{"rendered":"\n<p><strong>Dar\u00edo Pale <\/strong><\/p>\n\n\n\n<p>Xalapa, Ver.- Concede la justicia federal amparo para preservar la guarda y custodia de la hija menor de Rogelio Franco por parte de su madre, as\u00ed lo informaron sus hijas mediante las redes sociales.<\/p>\n\n\n\n<p>En una publicaci\u00f3n que hicieron las hijas de Rogelio Franco se\u00f1alan lo siguiente:<\/p>\n\n\n\n<p>En el caso de nuestra hermanita, impera la justicia federal.<\/p>\n\n\n\n<p>Xalapa, Ver a 7 de septiembre de 2023 .\u00a0<br>Con gusto compartimos la noticia de ayer, 06 de septiembre fue concedida la suspensi\u00f3n provisional por parte de un juzgado, derivado del amparo promovido por nuestra hermanita VFA en contra del acto arbitrario emitido por el juez de lo familiar de Tuxpan. Ella podr\u00e1 continuar bajo la guarda y custodia de nuestra abuela.\u00a0<\/p>\n\n\n\n<p>Una vez m\u00e1s la justicia federal predomina.<br>Estaremos pendientes por si \u00a0cometieran otra arbitrariedad fabricando y \u00a0girando orden de aprehensi\u00f3n en contra de nuestra abuela.\u00a0<br>Atentamente\u00a0<\/p>\n\n\n\n<p>Luisa y Viviana\u00a0Hijas de Rogelio Franco Cast\u00e1n.<br>Esto le da un rev\u00e9s al gobierno del gobernador Cuitl\u00e1huac Garc\u00eda Jim\u00e9nez, a la Fiscal General del Estado Veronica Hern\u00e1ndez Guiadans y al Tribunal Superior de Justicia del estado en las sentencias de los jueces del estado.<\/p>\n","protected":false},"excerpt":{"rendered":"<p>Dar\u00edo Pale Xalapa, Ver.- Concede la justicia federal amparo para preservar la guarda y custodia de la hija menor de Rogelio Franco por parte de su madre, as\u00ed lo informaron sus hijas mediante las redes sociales. En una publicaci\u00f3n que hicieron las hijas de Rogelio Franco se\u00f1alan lo siguiente: En el caso de nuestra hermanita, [&hellip;]<\/p>\n","protected":false},"author":2476,"featured_media":44866,"comment_status":"open","ping_status":"open","sticky":false,"template":"","format":"standard","meta":{"_jetpack_memberships_contains_paid_content":false,"footnotes":""},"categories":[2],"tags":[],"class_list":["post-44865","post","type-post","status-publish","format-standard","has-post-thumbnail","hentry","category-estado"],"jetpack_featured_media_url":"https:\/\/encuentroinformativo.com.mx\/wp-content\/uploads\/2023\/09\/IMG-20230905-WA0062.jpg","jetpack_sharing_enabled":true,"jetpack_likes_enabled":true,"amp_enabled":true,"_links":{"self":[{"href":"https:\/\/encuentroinformativo.com.mx\/index.php?rest_route=\/wp\/v2\/posts\/44865","targetHints":{"allow":["GET"]}}],"collection":[{"href":"https:\/\/encuentroinformativo.com.mx\/index.php?rest_route=\/wp\/v2\/posts"}],"about":[{"href":"https:\/\/encuentroinformativo.com.mx\/index.php?rest_route=\/wp\/v2\/types\/post"}],"author":[{"embeddable":true,"href":"https:\/\/encuentroinformativo.com.mx\/index.php?rest_route=\/wp\/v2\/users\/2476"}],"replies":[{"embeddable":true,"href":"https:\/\/encuentroinformativo.com.mx\/index.php?rest_route=%2Fwp%2Fv2%2Fcomments&post=44865"}],"version-history":[{"count":1,"href":"https:\/\/encuentroinformativo.com.mx\/index.php?rest_route=\/wp\/v2\/posts\/44865\/revisions"}],"predecessor-version":[{"id":44867,"href":"https:\/\/encuentroinformativo.com.mx\/index.php?rest_route=\/wp\/v2\/posts\/44865\/revisions\/44867"}],"wp:featuredmedia":[{"embeddable":true,"href":"https:\/\/encuentroinformativo.com.mx\/index.php?rest_route=\/wp\/v2\/media\/44866"}],"wp:attachment":[{"href":"https:\/\/encuentroinformativo.com.mx\/index.php?rest_route=%2Fwp%2Fv2%2Fmedia&parent=44865"}],"wp:term":[{"taxonomy":"category","embeddable":true,"href":"https:\/\/encuentroinformativo.com.mx\/index.php?rest_route=%2Fwp%2Fv2%2Fcategories&post=44865"},{"taxonomy":"post_tag","embeddable":true,"href":"https:\/\/encuentroinformativo.com.mx\/index.php?rest_route=%2Fwp%2Fv2%2Ftags&post=44865"}],"curies":[{"name":"wp","href":"https:\/\/api.w.org\/{rel}","templated":true}]}}