{"id":44874,"date":"2023-09-07T12:38:03","date_gmt":"2023-09-07T18:38:03","guid":{"rendered":"https:\/\/encuentroinformativo.com.mx\/?p=44874"},"modified":"2023-09-07T12:38:07","modified_gmt":"2023-09-07T18:38:07","slug":"invitan-expositores-a-la-feria-del-emprendedor","status":"publish","type":"post","link":"https:\/\/encuentroinformativo.com.mx\/?p=44874","title":{"rendered":"Invitan expositores a la Feria del Emprendedor"},"content":{"rendered":"\n<p><strong>Dar\u00edo Pale <\/strong><\/p>\n\n\n\n<p>Xalapa, Ver.- M\u00e1s de 85 expositores este fin de semana en la Feria del Emprendedor 2023, con productos naturales de la regi\u00f3n, este 9 y 10 de septiembre, ser\u00e1 en el parque Ju\u00e1rez a partir de las 9:00 horas y se contar\u00e1 con el respaldo de la Direcci\u00f3n de Cultura del Ayuntamiento de Xalapa al incorporar las diversas actividades de su cartela de domingos familiares. \u00a0<\/p>\n\n\n\n<p>En conferencia de prensa, expositoras dieron a conocer que con este esquema logran fortalecer ventas, pues los productos est\u00e1n expuestos para que posibles compradores los prueben. \u00a0<\/p>\n\n\n\n<p>Una de las organizadoras, Eli Flores, coment\u00f3 que, paralelamente, se realizar\u00e1n talleres en los que la gente podr\u00e1 conocer las formas de elaboraci\u00f3n de varios de los productos que estar\u00e1n en venta. \u00a0<\/p>\n\n\n\n<p>\u201cEs una gran variedad de productos, pero s\u00ed venimos de distintas regiones; y bueno, lo que buscamos con esta feria es que la gente nos conozca, que conozca nuestros productos y que ellos mismos puedan elaborarlos\u201d, se\u00f1alaron.<\/p>\n\n\n\n<p>Respecto a la participaci\u00f3n de la Direcci\u00f3n de Cultura, detallaron que consiste en la presentaci\u00f3n de la cartelera de entretenimiento como, por ejemplo, show de payasitos, loter\u00eda, fomento a la lectura, bailes y m\u00fasica. \u00a0<\/p>\n\n\n\n<p>\u201cEl alcalde, Ricardo Ahued, ha permitido que nosotras y compa\u00f1eros emprendedores quienes d\u00eda a d\u00eda salimos a las calles a mostrar nuestros productos tengamos estos espacios abiertos para nuestras ventas\u201d, comentaron.<\/p>\n\n\n\n<p>Adem\u00e1s, se ofrecer\u00e1 un taller de danza folcl\u00f3rica y danz\u00f3n, pensando en los gustos de toda la familia, pues tambi\u00e9n se han considerado actividades de recreaci\u00f3n infantil. \u00a0<\/p>\n\n\n\n<p>&#8220;Buscamos que m\u00e1s mujeres quieran emprender un negocio (\u2026), para que m\u00e1s mujeres que no tengan un empleo fijo puedan venir y compartir con nosotros estas experiencias\u201d, dijo Nora Nieto. \u00a0<br>Por lo anterior, invitaron a la poblaci\u00f3n asistir y disfrutar de un agradable fin de semana que paralelamente con sus compras contribuir\u00e1n en los emprendimientos. \u00a0 \u00a0<\/p>\n\n\n\n<p>Por \u00faltimo comentaron, \u201cque nos acompa\u00f1en este s\u00e1bado y domingo al parque Ju\u00e1rez al grupo de emprendedores y artesanos; vamos a tener gran variedad de art\u00edculos (\u2026), los invitamos a que vengan con toda su familia\u201d.<\/p>\n","protected":false},"excerpt":{"rendered":"<p>Dar\u00edo Pale Xalapa, Ver.- M\u00e1s de 85 expositores este fin de semana en la Feria del Emprendedor 2023, con productos naturales de la regi\u00f3n, este 9 y 10 de septiembre, ser\u00e1 en el parque Ju\u00e1rez a partir de las 9:00 horas y se contar\u00e1 con el respaldo de la Direcci\u00f3n de Cultura del Ayuntamiento de [&hellip;]<\/p>\n","protected":false},"author":2476,"featured_media":44875,"comment_status":"open","ping_status":"open","sticky":false,"template":"","format":"standard","meta":{"_jetpack_memberships_contains_paid_content":false,"footnotes":""},"categories":[3],"tags":[],"class_list":["post-44874","post","type-post","status-publish","format-standard","has-post-thumbnail","hentry","category-xalapa"],"jetpack_featured_media_url":"https:\/\/encuentroinformativo.com.mx\/wp-content\/uploads\/2023\/09\/IMG-20230907-WA0038.jpg","jetpack_sharing_enabled":true,"jetpack_likes_enabled":true,"amp_enabled":true,"_links":{"self":[{"href":"https:\/\/encuentroinformativo.com.mx\/index.php?rest_route=\/wp\/v2\/posts\/44874","targetHints":{"allow":["GET"]}}],"collection":[{"href":"https:\/\/encuentroinformativo.com.mx\/index.php?rest_route=\/wp\/v2\/posts"}],"about":[{"href":"https:\/\/encuentroinformativo.com.mx\/index.php?rest_route=\/wp\/v2\/types\/post"}],"author":[{"embeddable":true,"href":"https:\/\/encuentroinformativo.com.mx\/index.php?rest_route=\/wp\/v2\/users\/2476"}],"replies":[{"embeddable":true,"href":"https:\/\/encuentroinformativo.com.mx\/index.php?rest_route=%2Fwp%2Fv2%2Fcomments&post=44874"}],"version-history":[{"count":1,"href":"https:\/\/encuentroinformativo.com.mx\/index.php?rest_route=\/wp\/v2\/posts\/44874\/revisions"}],"predecessor-version":[{"id":44876,"href":"https:\/\/encuentroinformativo.com.mx\/index.php?rest_route=\/wp\/v2\/posts\/44874\/revisions\/44876"}],"wp:featuredmedia":[{"embeddable":true,"href":"https:\/\/encuentroinformativo.com.mx\/index.php?rest_route=\/wp\/v2\/media\/44875"}],"wp:attachment":[{"href":"https:\/\/encuentroinformativo.com.mx\/index.php?rest_route=%2Fwp%2Fv2%2Fmedia&parent=44874"}],"wp:term":[{"taxonomy":"category","embeddable":true,"href":"https:\/\/encuentroinformativo.com.mx\/index.php?rest_route=%2Fwp%2Fv2%2Fcategories&post=44874"},{"taxonomy":"post_tag","embeddable":true,"href":"https:\/\/encuentroinformativo.com.mx\/index.php?rest_route=%2Fwp%2Fv2%2Ftags&post=44874"}],"curies":[{"name":"wp","href":"https:\/\/api.w.org\/{rel}","templated":true}]}}