{"id":44877,"date":"2023-09-07T10:39:39","date_gmt":"2023-09-07T16:39:39","guid":{"rendered":"https:\/\/encuentroinformativo.com.mx\/?p=44877"},"modified":"2023-09-07T12:41:35","modified_gmt":"2023-09-07T18:41:35","slug":"insiste-diputada-en-nombrar-titular-del-ivm","status":"publish","type":"post","link":"https:\/\/encuentroinformativo.com.mx\/?p=44877","title":{"rendered":"Insiste Diputada en nombrar titular del IVM"},"content":{"rendered":"\n<p><strong>Alejandro \u00c1vila<\/strong><\/p>\n\n\n\n<p>Veracruz, Ver.- El que no exista una directora del Instituto Veracruzano de la Mujer ha truncado los proyectos de igualdad entre mujeres y hombres, debido a que la encargada de despacho no cuenta con la jurisdicci\u00f3n para aplicar pol\u00edticas p\u00fablicas que ayuden a su avance, se\u00f1al\u00f3 la diputada, Ver\u00f3nica Pulido Herrera.<\/p>\n\n\n\n<p>&#8220;Es de suma importancia mencionar que la secretar\u00eda t\u00e9cnica del sistema est\u00e1 a cargo de la titular del Instituto Veracruzano de las Mujeres, quien sabemos, hay encargada y no directora, esta debe formular y conducir, y evaluar la pol\u00edtica estatal en materia de igualdad entre mujeres y hombres en el estado, y es la responsable de proponer la metodolog\u00eda para la incorporaci\u00f3n de la perspectiva de g\u00e9nero en el presupuesto de egresos del estado, y promover y dar seguimiento a la implementaci\u00f3n de la paridad de g\u00e9nero en el \u00e1mbito p\u00fablico, y en Veracruz est\u00e1 pendiente la ley Tres de Tres, para evitar que personas violentadoras asuman un cargo p\u00fablico&#8221;, enfatiz\u00f3.<\/p>\n\n\n\n<p>Ante esta sitacic\u00f3n, Ver\u00f3nica Pulido present\u00f3 un proyecto de decreto para reformar el Art\u00edculo 26 de la Ley para la Igualdad entre Mujeres y Hombres a fin de fortalecer las atribuciones del Sistema Estatal para la Igualdad entre Mujeres y Hombres.<\/p>\n\n\n\n<p>Expuso que la ley no ha cumplido con ese objetivo de igualdad y de no discriminaci\u00f3n en los \u00e1mbitos laboral y econ\u00f3mico contemplados en los derechos internacionales y la Constituci\u00f3n del pa\u00eds.<\/p>\n\n\n\n<p>En su intervenci\u00f3n en tribuna demand\u00f3 reformar la ley para incrementar el campo de acci\u00f3n interinstitucional y dotarle de mayores elementos al Sistema Estatal de Igualdad para cumplir su objetivo de igualdad de oportunidades a las mujeres y erradicar los estereotipos que las discriminen.<\/p>\n\n\n\n<p>A\u00f1adi\u00f3 que si se quiere erradicar las violencias contra las mujeres es necesario abatir las desigualdades; si las mujeres son mayor\u00eda en Veracruz y si todas tienen acceso a los bienes y servicios en las mismas condiciones que los hombres, seguramente las familias, las comunidades y nuestro estado se ver\u00e1n beneficiados, porque el desarrollo de las mujeres incide de manera directa en el desarrollo de un pa\u00eds, subray\u00f3.<\/p>\n\n\n\n<p>Para lograr ese empoderamiento econ\u00f3mico y de prestaciones sociales a las mujeres, dijo que es necesario incrementar la asignaci\u00f3n de recursos financieros para que las f\u00e9minas tengan acceso a microcr\u00e9ditos y as\u00ed promover su iniciativa empresarial.<\/p>\n","protected":false},"excerpt":{"rendered":"<p>Alejandro \u00c1vila Veracruz, Ver.- El que no exista una directora del Instituto Veracruzano de la Mujer ha truncado los proyectos de igualdad entre mujeres y hombres, debido a que la encargada de despacho no cuenta con la jurisdicci\u00f3n para aplicar pol\u00edticas p\u00fablicas que ayuden a su avance, se\u00f1al\u00f3 la diputada, Ver\u00f3nica Pulido Herrera. &#8220;Es de [&hellip;]<\/p>\n","protected":false},"author":2476,"featured_media":44878,"comment_status":"open","ping_status":"open","sticky":false,"template":"","format":"standard","meta":{"_jetpack_memberships_contains_paid_content":false,"footnotes":""},"categories":[2],"tags":[],"class_list":["post-44877","post","type-post","status-publish","format-standard","has-post-thumbnail","hentry","category-estado"],"jetpack_featured_media_url":"https:\/\/encuentroinformativo.com.mx\/wp-content\/uploads\/2023\/09\/IMG-20230907-WA0046.jpg","jetpack_sharing_enabled":true,"jetpack_likes_enabled":true,"amp_enabled":true,"_links":{"self":[{"href":"https:\/\/encuentroinformativo.com.mx\/index.php?rest_route=\/wp\/v2\/posts\/44877","targetHints":{"allow":["GET"]}}],"collection":[{"href":"https:\/\/encuentroinformativo.com.mx\/index.php?rest_route=\/wp\/v2\/posts"}],"about":[{"href":"https:\/\/encuentroinformativo.com.mx\/index.php?rest_route=\/wp\/v2\/types\/post"}],"author":[{"embeddable":true,"href":"https:\/\/encuentroinformativo.com.mx\/index.php?rest_route=\/wp\/v2\/users\/2476"}],"replies":[{"embeddable":true,"href":"https:\/\/encuentroinformativo.com.mx\/index.php?rest_route=%2Fwp%2Fv2%2Fcomments&post=44877"}],"version-history":[{"count":1,"href":"https:\/\/encuentroinformativo.com.mx\/index.php?rest_route=\/wp\/v2\/posts\/44877\/revisions"}],"predecessor-version":[{"id":44879,"href":"https:\/\/encuentroinformativo.com.mx\/index.php?rest_route=\/wp\/v2\/posts\/44877\/revisions\/44879"}],"wp:featuredmedia":[{"embeddable":true,"href":"https:\/\/encuentroinformativo.com.mx\/index.php?rest_route=\/wp\/v2\/media\/44878"}],"wp:attachment":[{"href":"https:\/\/encuentroinformativo.com.mx\/index.php?rest_route=%2Fwp%2Fv2%2Fmedia&parent=44877"}],"wp:term":[{"taxonomy":"category","embeddable":true,"href":"https:\/\/encuentroinformativo.com.mx\/index.php?rest_route=%2Fwp%2Fv2%2Fcategories&post=44877"},{"taxonomy":"post_tag","embeddable":true,"href":"https:\/\/encuentroinformativo.com.mx\/index.php?rest_route=%2Fwp%2Fv2%2Ftags&post=44877"}],"curies":[{"name":"wp","href":"https:\/\/api.w.org\/{rel}","templated":true}]}}