{"id":44880,"date":"2023-09-07T12:44:05","date_gmt":"2023-09-07T18:44:05","guid":{"rendered":"https:\/\/encuentroinformativo.com.mx\/?p=44880"},"modified":"2023-09-07T12:44:09","modified_gmt":"2023-09-07T18:44:09","slug":"la-incidencia-delictiva-a-la-baja-en-todo-el-estado-ssp","status":"publish","type":"post","link":"https:\/\/encuentroinformativo.com.mx\/?p=44880","title":{"rendered":"La incidencia delictiva a la baja en todo el estado; SSP"},"content":{"rendered":"\n<p><strong>*Se han hecho detenciones importantes, \u201cel melonero\u201d una de ellas.<\/strong><\/p>\n\n\n\n<p><strong>*Puestos de control son parte de la estrategia de seguridad.<\/strong><\/p>\n\n\n\n<p>Minatitl\u00e1n, Ver.- Al acudir a la Ceremonia de posesi\u00f3n del cargo y protesta de bandera del comandante de la 29\/a zona militar, ubicada en este municipio, el secretario de Seguridad P\u00fablica en el estado, Cuauht\u00e9moc Zu\u00f1iga Bonilla afirm\u00f3 que el trabajo coordinado entre todas las autoridades ha dado como resultado detenciones importantes en la zona.<\/p>\n\n\n\n<p>En entrevista a medios de comunicaci\u00f3n, el titular de la SSP refiri\u00f3 que una de est\u00e1s importantes detenciones fue la de \u201cel melonero\u201d presunto delincuente de Acayucan y sus alrededores.<\/p>\n\n\n\n<p>\u201cC\u00f3mo est\u00e1s detenciones hemos dado otras que han permitido disminuir la incidencia, sin embargo seguimos atendiendo el tema\u201d, coment\u00f3.<\/p>\n\n\n\n<p>Al ser cuestionado sobre los puestos de control instalados en el sur del estado, Z\u00fa\u00f1iga Bonilla puntualiz\u00f3 que estos son parte de la estrategia de seguridad, porque a trav\u00e9s de estos se han detectado gente armada, gente con droga, delincuentes peligrosos, por lo tanto estos se tienen que seguir realizando.<\/p>\n\n\n\n<p>Considera que es importante que las personas que en su momento sufran alguna situaci\u00f3n por parte de la autoridad, de alg\u00fan elemento de la SSP pongan su denuncia ante Asuntos Internos, afirmando que la dependencia no solapa ninguna actividad il\u00edcita de los elementos.<\/p>\n\n\n\n<p>\u201c afortunadamente ha habido muy buenas detenciones, se est\u00e1 trabajando de manera coordinada. Sin embargo si hay alguien que tenga alguna queja, pues lo puede hacer y lo atenderemos de manera inmediata \u201c, enfatiz\u00f3.<\/p>\n\n\n\n<p>Para finalizar, el Secretario de Seguridad P\u00fablica inform\u00f3 que se mantiene un despliegue permanente, confirmando que la incidencia delictiva est\u00e1 a la baja no solo en el sur sino en todo el estado de Veracruz, respaldados con la informaci\u00f3n presentada por el Secretariado Ejecutivo del Sistema Nacional de Seguridad P\u00fablica, pero que de ser necesario se atender\u00e1 de manera inmediata cualquier situaci\u00f3n que surja, concluy\u00f3.<\/p>\n","protected":false},"excerpt":{"rendered":"<p>*Se han hecho detenciones importantes, \u201cel melonero\u201d una de ellas. *Puestos de control son parte de la estrategia de seguridad. Minatitl\u00e1n, Ver.- Al acudir a la Ceremonia de posesi\u00f3n del cargo y protesta de bandera del comandante de la 29\/a zona militar, ubicada en este municipio, el secretario de Seguridad P\u00fablica en el estado, Cuauht\u00e9moc [&hellip;]<\/p>\n","protected":false},"author":2476,"featured_media":44881,"comment_status":"open","ping_status":"open","sticky":false,"template":"","format":"standard","meta":{"_jetpack_memberships_contains_paid_content":false,"footnotes":""},"categories":[2],"tags":[],"class_list":["post-44880","post","type-post","status-publish","format-standard","has-post-thumbnail","hentry","category-estado"],"jetpack_featured_media_url":"https:\/\/encuentroinformativo.com.mx\/wp-content\/uploads\/2023\/09\/IMG-20230907-WA00332.jpg","jetpack_sharing_enabled":true,"jetpack_likes_enabled":true,"amp_enabled":true,"_links":{"self":[{"href":"https:\/\/encuentroinformativo.com.mx\/index.php?rest_route=\/wp\/v2\/posts\/44880","targetHints":{"allow":["GET"]}}],"collection":[{"href":"https:\/\/encuentroinformativo.com.mx\/index.php?rest_route=\/wp\/v2\/posts"}],"about":[{"href":"https:\/\/encuentroinformativo.com.mx\/index.php?rest_route=\/wp\/v2\/types\/post"}],"author":[{"embeddable":true,"href":"https:\/\/encuentroinformativo.com.mx\/index.php?rest_route=\/wp\/v2\/users\/2476"}],"replies":[{"embeddable":true,"href":"https:\/\/encuentroinformativo.com.mx\/index.php?rest_route=%2Fwp%2Fv2%2Fcomments&post=44880"}],"version-history":[{"count":1,"href":"https:\/\/encuentroinformativo.com.mx\/index.php?rest_route=\/wp\/v2\/posts\/44880\/revisions"}],"predecessor-version":[{"id":44882,"href":"https:\/\/encuentroinformativo.com.mx\/index.php?rest_route=\/wp\/v2\/posts\/44880\/revisions\/44882"}],"wp:featuredmedia":[{"embeddable":true,"href":"https:\/\/encuentroinformativo.com.mx\/index.php?rest_route=\/wp\/v2\/media\/44881"}],"wp:attachment":[{"href":"https:\/\/encuentroinformativo.com.mx\/index.php?rest_route=%2Fwp%2Fv2%2Fmedia&parent=44880"}],"wp:term":[{"taxonomy":"category","embeddable":true,"href":"https:\/\/encuentroinformativo.com.mx\/index.php?rest_route=%2Fwp%2Fv2%2Fcategories&post=44880"},{"taxonomy":"post_tag","embeddable":true,"href":"https:\/\/encuentroinformativo.com.mx\/index.php?rest_route=%2Fwp%2Fv2%2Ftags&post=44880"}],"curies":[{"name":"wp","href":"https:\/\/api.w.org\/{rel}","templated":true}]}}