{"id":44886,"date":"2023-09-07T13:46:11","date_gmt":"2023-09-07T19:46:11","guid":{"rendered":"https:\/\/encuentroinformativo.com.mx\/?p=44886"},"modified":"2023-09-07T13:46:14","modified_gmt":"2023-09-07T19:46:14","slug":"demandan-familiares-de-albaniles-desaparecidos-en-tres-valle-actuar-de-la-fge","status":"publish","type":"post","link":"https:\/\/encuentroinformativo.com.mx\/?p=44886","title":{"rendered":"Demandan familiares de alba\u00f1iles desaparecidos en Tres Valle actuar de la FGE"},"content":{"rendered":"\n<p><strong>Alejandro \u00c1vila<\/strong><\/p>\n\n\n\n<p>Veracruz, Ver.- Este jueves por la ma\u00f1ana, familiares de los alba\u00f1iles desaparecidos en el municipio de Tres Valles se manifestaron en el z\u00f3calo del Puerto de Veracruz para exigir el actuar correspondiente de la Fiscal\u00eda General de Veracruz.<\/p>\n\n\n\n<p>Luc\u00eda Cintura Rufino, record\u00f3 que el pasado 26 de agosto sus familiares fueron sustra\u00eddos del lugar donde pernoctaban, y desde esa fecha no saben de su paradero; sin embargo, y a pesar de haber colocado las denuncias correspondientes, la Fiscal\u00eda de Veracruz sigue sin darles informaci\u00f3n al respecto.<\/p>\n\n\n\n<p>&#8220;El ingeniero los estaba apresurando, lo \u00fanico que s\u00e9 que mi esposo me dijo, que el ingeniero, y mi hermano me coment\u00f3, que el ingeniero los estaba apresurando a que se quedaran a trabajar, que terminar\u00e1n la obra, que ten\u00edan que terminar en tiempo y forma la obra, y pues ese d\u00eda por eso no vinieron, porque se iban a quedar a trabajar, fue la \u00fanica comunicaci\u00f3n que tuvimos, que pues ya tarde ya no iban a poder, de hecho ese d\u00eda \u00e9l mand\u00f3 fotos y me dijo, es que mira, acabamos de terminar de trabajar&#8221;, relat\u00f3.<\/p>\n\n\n\n<p>Los manifestantes declararon que se trata de ocho personas las que est\u00e1n desaparecidas, de las cuales, cinco de ellas pertenecen al municipio de Veracruz, 2 de Lerdo de Tejada, y uno m\u00e1s de Tres Valles.<\/p>\n\n\n\n<p>Luc\u00eda Cintura lament\u00f3 que el ingeniero a cargo de la obra no ha querido reunirse con ellos, pero s\u00ed&nbsp; les solicit\u00f3 que no fueran al municipio de Tres Valles, pues no iba a hablar del caso.<\/p>\n","protected":false},"excerpt":{"rendered":"<p>Alejandro \u00c1vila Veracruz, Ver.- Este jueves por la ma\u00f1ana, familiares de los alba\u00f1iles desaparecidos en el municipio de Tres Valles se manifestaron en el z\u00f3calo del Puerto de Veracruz para exigir el actuar correspondiente de la Fiscal\u00eda General de Veracruz. Luc\u00eda Cintura Rufino, record\u00f3 que el pasado 26 de agosto sus familiares fueron sustra\u00eddos del [&hellip;]<\/p>\n","protected":false},"author":2476,"featured_media":44887,"comment_status":"open","ping_status":"open","sticky":false,"template":"","format":"standard","meta":{"_jetpack_memberships_contains_paid_content":false,"footnotes":""},"categories":[2],"tags":[],"class_list":["post-44886","post","type-post","status-publish","format-standard","has-post-thumbnail","hentry","category-estado"],"jetpack_featured_media_url":"https:\/\/encuentroinformativo.com.mx\/wp-content\/uploads\/2023\/09\/IMG-20230907-WA0051.jpg","jetpack_sharing_enabled":true,"jetpack_likes_enabled":true,"amp_enabled":true,"_links":{"self":[{"href":"https:\/\/encuentroinformativo.com.mx\/index.php?rest_route=\/wp\/v2\/posts\/44886","targetHints":{"allow":["GET"]}}],"collection":[{"href":"https:\/\/encuentroinformativo.com.mx\/index.php?rest_route=\/wp\/v2\/posts"}],"about":[{"href":"https:\/\/encuentroinformativo.com.mx\/index.php?rest_route=\/wp\/v2\/types\/post"}],"author":[{"embeddable":true,"href":"https:\/\/encuentroinformativo.com.mx\/index.php?rest_route=\/wp\/v2\/users\/2476"}],"replies":[{"embeddable":true,"href":"https:\/\/encuentroinformativo.com.mx\/index.php?rest_route=%2Fwp%2Fv2%2Fcomments&post=44886"}],"version-history":[{"count":1,"href":"https:\/\/encuentroinformativo.com.mx\/index.php?rest_route=\/wp\/v2\/posts\/44886\/revisions"}],"predecessor-version":[{"id":44888,"href":"https:\/\/encuentroinformativo.com.mx\/index.php?rest_route=\/wp\/v2\/posts\/44886\/revisions\/44888"}],"wp:featuredmedia":[{"embeddable":true,"href":"https:\/\/encuentroinformativo.com.mx\/index.php?rest_route=\/wp\/v2\/media\/44887"}],"wp:attachment":[{"href":"https:\/\/encuentroinformativo.com.mx\/index.php?rest_route=%2Fwp%2Fv2%2Fmedia&parent=44886"}],"wp:term":[{"taxonomy":"category","embeddable":true,"href":"https:\/\/encuentroinformativo.com.mx\/index.php?rest_route=%2Fwp%2Fv2%2Fcategories&post=44886"},{"taxonomy":"post_tag","embeddable":true,"href":"https:\/\/encuentroinformativo.com.mx\/index.php?rest_route=%2Fwp%2Fv2%2Ftags&post=44886"}],"curies":[{"name":"wp","href":"https:\/\/api.w.org\/{rel}","templated":true}]}}