{"id":44895,"date":"2023-09-07T14:52:27","date_gmt":"2023-09-07T20:52:27","guid":{"rendered":"https:\/\/encuentroinformativo.com.mx\/?p=44895"},"modified":"2023-09-07T14:52:31","modified_gmt":"2023-09-07T20:52:31","slug":"no-son-los-tiempos-senala-del-rio-virgen-sobre-aspiraciones-politicas","status":"publish","type":"post","link":"https:\/\/encuentroinformativo.com.mx\/?p=44895","title":{"rendered":"&#8220;No son los tiempos&#8221;, se\u00f1ala del R\u00edo Virgen sobre aspiraciones pol\u00edticas"},"content":{"rendered":"\n<p><strong>Dar\u00edo Pale <\/strong><\/p>\n\n\n\n<p>Xalapa, Ver.- Quiere ser gobernador tanto como otros que no son de Veracruz, ademas el ambiente est\u00e1 enrarecido en materia de seguridad, espera que en los pr\u00f3ximos meses haya tranquilidad, as\u00ed lo informo el secretario t\u00e9cnico de la Junta de Coordinaci\u00f3n Pol\u00edtica del Senado de la Rep\u00fablica, Jos\u00e9 Manuel del R\u00edo Virgen.<\/p>\n\n\n\n<p>En conferencia de prensa dijo que quiere ser gobernador del Estado tanto como otros de otros estados quieren serlo, sin mencionar a alguna persona en particular.<\/p>\n\n\n\n<p>Al cuestionarlo sobre si le gustar\u00eda ser gobernador de Veracruz?, contest\u00f3 en tono de broma, &#8220;bueno, hasta los que no son de Veracruz quieren, pues usted hasta me rega\u00f1a yo que culpa&#8221;.<\/p>\n\n\n\n<p>Afirm\u00f3 que en este momento su causa es la justicia porque nadie puede defenderla mejor que \u00e9l que estuvo privado de la libertad, &#8220;yo tengo esa causa y voy a luchar porque a nadie lo metan a la c\u00e1rcel siendo inocente. Por eso tengo el Proyecto Inocencia&#8221;.<\/p>\n\n\n\n<p>&#8220;Me han preguntado si tengo inter\u00e9s, primero creo que ni estamos en tiempo, segundo, d\u00e9jenme ser muy sincero: tendr\u00eda que platicarlo con mi familia&#8221;, se\u00f1al\u00f3.<\/p>\n\n\n\n<p>Record\u00f3 que estuvo ausente de su hogar seis meses al estar recluido en el penal de Pacho Viejo.<\/p>\n\n\n\n<p>El secretario t\u00e9cnico del Senado de la Rep\u00fablica, dijo que no est\u00e1 enterado si el Frente Amplio por M\u00e9xico estar\u00e1 confirmado por Yunes, Yunes o Yunes, al referirse a la familia Yunes del PAN o a Pepe Yunes del PRI.<\/p>\n\n\n\n<p>&#8220;Yo s\u00e9 del Proyecto Inocencia y s\u00e9 un poquito de leyes y de la Constituci\u00f3n, pero pos yo les deseo suerte a los que quieran ser del Frente. Yo al contrario, los conozco a todos, tengo la mejor imagen de ellos, les deseo mucha suerte&#8221;, coment\u00f3.<\/p>\n\n\n\n<p>En otro orden de ideas dijo que ve en Veracruz un clima &#8220;enrarecido&#8221; por lo que espera en Dios que el Gobierno nos proteja a trav\u00e9s de la Secretar\u00eda de Seguridad P\u00fablica y Protecci\u00f3n Ciudadana y que no pase nada.<\/p>\n\n\n\n<p>&#8220;Pues enrarecido porque ya ven que dicen que encontraron unas bolsas, en Poza Rica, en los Tuxtlas, all\u00e1 por Ciudad Mendoza encontraron, encontraron en muchos lados&#8221;, inform\u00f3.<\/p>\n\n\n\n<p>Jos\u00e9 Manuel del R\u00edo afirm\u00f3 que su partido no le ha planteado la posibilidad de ser el candidato a la gubernatura de Veracruz y pidi\u00f3 preguntarle eso al instituto pol\u00edtico.<\/p>\n\n\n\n<p>En otro tema, opin\u00f3 que se le tiene que poner atenci\u00f3n al caso de la jueza Angelica S\u00e1nchez, tras los sendos pronunciamientos que se han hecho a su favor, como el de la relatora de las Naciones Unidas.<\/p>\n\n\n\n<p>Finalmente se\u00f1al\u00f3 que, &#8220;no s\u00f3lo a esa juez, sino a todos los jueces. Yo tengo mucha preocupaci\u00f3n de que la vuelvan a tocar. El gobernador no, porque no es la autoridad, en todo caso la Fiscal\u00eda y en su caso, el Tribunal Superior de Justicia&#8221;.<\/p>\n","protected":false},"excerpt":{"rendered":"<p>Dar\u00edo Pale Xalapa, Ver.- Quiere ser gobernador tanto como otros que no son de Veracruz, ademas el ambiente est\u00e1 enrarecido en materia de seguridad, espera que en los pr\u00f3ximos meses haya tranquilidad, as\u00ed lo informo el secretario t\u00e9cnico de la Junta de Coordinaci\u00f3n Pol\u00edtica del Senado de la Rep\u00fablica, Jos\u00e9 Manuel del R\u00edo Virgen. En [&hellip;]<\/p>\n","protected":false},"author":2476,"featured_media":44896,"comment_status":"open","ping_status":"open","sticky":false,"template":"","format":"standard","meta":{"_jetpack_memberships_contains_paid_content":false,"footnotes":""},"categories":[2],"tags":[],"class_list":["post-44895","post","type-post","status-publish","format-standard","has-post-thumbnail","hentry","category-estado"],"jetpack_featured_media_url":"https:\/\/encuentroinformativo.com.mx\/wp-content\/uploads\/2023\/09\/IMG-20230907-WA00622.jpg","jetpack_sharing_enabled":true,"jetpack_likes_enabled":true,"amp_enabled":true,"_links":{"self":[{"href":"https:\/\/encuentroinformativo.com.mx\/index.php?rest_route=\/wp\/v2\/posts\/44895","targetHints":{"allow":["GET"]}}],"collection":[{"href":"https:\/\/encuentroinformativo.com.mx\/index.php?rest_route=\/wp\/v2\/posts"}],"about":[{"href":"https:\/\/encuentroinformativo.com.mx\/index.php?rest_route=\/wp\/v2\/types\/post"}],"author":[{"embeddable":true,"href":"https:\/\/encuentroinformativo.com.mx\/index.php?rest_route=\/wp\/v2\/users\/2476"}],"replies":[{"embeddable":true,"href":"https:\/\/encuentroinformativo.com.mx\/index.php?rest_route=%2Fwp%2Fv2%2Fcomments&post=44895"}],"version-history":[{"count":1,"href":"https:\/\/encuentroinformativo.com.mx\/index.php?rest_route=\/wp\/v2\/posts\/44895\/revisions"}],"predecessor-version":[{"id":44897,"href":"https:\/\/encuentroinformativo.com.mx\/index.php?rest_route=\/wp\/v2\/posts\/44895\/revisions\/44897"}],"wp:featuredmedia":[{"embeddable":true,"href":"https:\/\/encuentroinformativo.com.mx\/index.php?rest_route=\/wp\/v2\/media\/44896"}],"wp:attachment":[{"href":"https:\/\/encuentroinformativo.com.mx\/index.php?rest_route=%2Fwp%2Fv2%2Fmedia&parent=44895"}],"wp:term":[{"taxonomy":"category","embeddable":true,"href":"https:\/\/encuentroinformativo.com.mx\/index.php?rest_route=%2Fwp%2Fv2%2Fcategories&post=44895"},{"taxonomy":"post_tag","embeddable":true,"href":"https:\/\/encuentroinformativo.com.mx\/index.php?rest_route=%2Fwp%2Fv2%2Ftags&post=44895"}],"curies":[{"name":"wp","href":"https:\/\/api.w.org\/{rel}","templated":true}]}}