{"id":44901,"date":"2023-09-07T17:15:30","date_gmt":"2023-09-07T23:15:30","guid":{"rendered":"https:\/\/encuentroinformativo.com.mx\/?p=44901"},"modified":"2023-09-07T17:15:35","modified_gmt":"2023-09-07T23:15:35","slug":"supervisan-autoridades-operativo-cumbres-de-maltrata","status":"publish","type":"post","link":"https:\/\/encuentroinformativo.com.mx\/?p=44901","title":{"rendered":"Supervisan autoridades Operativo Cumbres de Maltrata"},"content":{"rendered":"\n<p>Xalapa, Ver.- Cumpliendo lo instruido por el Gobernador, Cuitl\u00e1huac Garc\u00eda Jim\u00e9nez y siguiendo las indicaciones del Secretario de Seguridad P\u00fablica, Cap. Cuauht\u00e9moc Z\u00fa\u00f1iga Bonilla, el Subsecretario de Operaciones, Cap. Rafael \u00c1ngel Gonz\u00e1lez Uscanga, supervis\u00f3 la implementaci\u00f3n del operativo de seguridad en la zona de Maltrata.<\/p>\n\n\n\n<p>Adem\u00e1s de coordinar mecanismos de vigilancia, prevenci\u00f3n y combate al delito en coordinaci\u00f3n con Guardia Nacional y la Polic\u00eda Estatal de Puebla, con estas acciones colaborativas entre el estado vecino y autoridades federales se busca garantizar vias de comunicaci\u00f3n seguras para ambas entidades.<\/p>\n\n\n\n<p>Dentro del marco de la Cuarta Transformaci\u00f3n, trabajamos de manera colaborativa en aras de tu seguridad y bienestar.<\/p>\n\n\n\n<figure class=\"wp-block-image size-large\"><img loading=\"lazy\" decoding=\"async\" width=\"1024\" height=\"576\" src=\"https:\/\/encuentroinformativo.com.mx\/wp-content\/uploads\/2023\/09\/IMG-20230907-WA0097-1024x576.jpg\" alt=\"\" class=\"wp-image-44903\" srcset=\"https:\/\/encuentroinformativo.com.mx\/wp-content\/uploads\/2023\/09\/IMG-20230907-WA0097-1024x576.jpg 1024w, https:\/\/encuentroinformativo.com.mx\/wp-content\/uploads\/2023\/09\/IMG-20230907-WA0097-300x169.jpg 300w, https:\/\/encuentroinformativo.com.mx\/wp-content\/uploads\/2023\/09\/IMG-20230907-WA0097-768x432.jpg 768w, https:\/\/encuentroinformativo.com.mx\/wp-content\/uploads\/2023\/09\/IMG-20230907-WA0097-1536x864.jpg 1536w, https:\/\/encuentroinformativo.com.mx\/wp-content\/uploads\/2023\/09\/IMG-20230907-WA0097.jpg 1599w\" sizes=\"auto, (max-width: 1024px) 100vw, 1024px\" \/><\/figure>\n","protected":false},"excerpt":{"rendered":"<p>Xalapa, Ver.- Cumpliendo lo instruido por el Gobernador, Cuitl\u00e1huac Garc\u00eda Jim\u00e9nez y siguiendo las indicaciones del Secretario de Seguridad P\u00fablica, Cap. Cuauht\u00e9moc Z\u00fa\u00f1iga Bonilla, el Subsecretario de Operaciones, Cap. Rafael \u00c1ngel Gonz\u00e1lez Uscanga, supervis\u00f3 la implementaci\u00f3n del operativo de seguridad en la zona de Maltrata. Adem\u00e1s de coordinar mecanismos de vigilancia, prevenci\u00f3n y combate al [&hellip;]<\/p>\n","protected":false},"author":2476,"featured_media":44902,"comment_status":"open","ping_status":"open","sticky":false,"template":"","format":"standard","meta":{"_jetpack_memberships_contains_paid_content":false,"footnotes":""},"categories":[2],"tags":[],"class_list":["post-44901","post","type-post","status-publish","format-standard","has-post-thumbnail","hentry","category-estado"],"jetpack_featured_media_url":"https:\/\/encuentroinformativo.com.mx\/wp-content\/uploads\/2023\/09\/IMG-20230907-WA0100.jpg","jetpack_sharing_enabled":true,"jetpack_likes_enabled":true,"amp_enabled":true,"_links":{"self":[{"href":"https:\/\/encuentroinformativo.com.mx\/index.php?rest_route=\/wp\/v2\/posts\/44901","targetHints":{"allow":["GET"]}}],"collection":[{"href":"https:\/\/encuentroinformativo.com.mx\/index.php?rest_route=\/wp\/v2\/posts"}],"about":[{"href":"https:\/\/encuentroinformativo.com.mx\/index.php?rest_route=\/wp\/v2\/types\/post"}],"author":[{"embeddable":true,"href":"https:\/\/encuentroinformativo.com.mx\/index.php?rest_route=\/wp\/v2\/users\/2476"}],"replies":[{"embeddable":true,"href":"https:\/\/encuentroinformativo.com.mx\/index.php?rest_route=%2Fwp%2Fv2%2Fcomments&post=44901"}],"version-history":[{"count":1,"href":"https:\/\/encuentroinformativo.com.mx\/index.php?rest_route=\/wp\/v2\/posts\/44901\/revisions"}],"predecessor-version":[{"id":44904,"href":"https:\/\/encuentroinformativo.com.mx\/index.php?rest_route=\/wp\/v2\/posts\/44901\/revisions\/44904"}],"wp:featuredmedia":[{"embeddable":true,"href":"https:\/\/encuentroinformativo.com.mx\/index.php?rest_route=\/wp\/v2\/media\/44902"}],"wp:attachment":[{"href":"https:\/\/encuentroinformativo.com.mx\/index.php?rest_route=%2Fwp%2Fv2%2Fmedia&parent=44901"}],"wp:term":[{"taxonomy":"category","embeddable":true,"href":"https:\/\/encuentroinformativo.com.mx\/index.php?rest_route=%2Fwp%2Fv2%2Fcategories&post=44901"},{"taxonomy":"post_tag","embeddable":true,"href":"https:\/\/encuentroinformativo.com.mx\/index.php?rest_route=%2Fwp%2Fv2%2Ftags&post=44901"}],"curies":[{"name":"wp","href":"https:\/\/api.w.org\/{rel}","templated":true}]}}